
{"id":13028,"date":"2025-11-29T15:32:14","date_gmt":"2025-11-29T14:32:14","guid":{"rendered":"https:\/\/przedszkole18.edu.wroclaw.pl\/?p=13028"},"modified":"2025-11-29T15:35:18","modified_gmt":"2025-11-29T14:35:18","slug":"grupy-iii-iv","status":"publish","type":"post","link":"https:\/\/przedszkole18.edu.wroclaw.pl\/index.php\/2025\/11\/29\/grupy-iii-iv\/","title":{"rendered":"Grupy III, IV"},"content":{"rendered":"<p><span style=\"font-size: 14pt;color: #000080\"><em><strong>Szanowni Pa\u0144stwo!<\/strong><\/em><\/span><\/p>\n<p><span style=\"font-size: 14pt;color: #000080\"><em><strong>Zgodnie z wcze\u015bniejszymi informacjami zapraszamy dzieci w dniu 3 grudnia godzina 10.30\u00a0 na spektakl teatralny do Teatru na Ostrowie Tumskim. <\/strong><\/em><\/span><span style=\"font-size: 14pt;color: #000080\"><em><strong>Przedstawienie powsta\u0142o na podstawie ksi\u0105\u017cki , kt\u00f3r\u0105 wszyscy znamy z dzieci\u0144stwa &#8222;Plastusiowy Pami\u0119tnik&#8221; i nosi tytu\u0142 &#8222;Zagubiony pami\u0119tnik&#8221;\u00a0<\/strong><\/em><\/span><\/p>\n<p><span style=\"font-size: 14pt;color: #000080\"><em><strong> Przedstawienie dedykowane jest dla dzieci z grup 3 i 4. Zgody na wyj\u015bcie podpisali Pa\u0144stwo wcze\u015bniej uznaj\u0119 zatem, \u017ce s\u0105\u00a0 aktualne, je\u017celi co\u015b si\u0119 zmieni\u0142o,\u00a0 prosz\u0119 przekaza\u0107 informacj\u0119 nauczycielom grup. Wyj\u015bcie godzina 9.30 powr\u00f3t 12.00. Spektakl op\u0142acony z funduszy przedszkola.\u00a0\u00a0<\/strong><\/em><\/span><span style=\"font-size: 14pt;color: #000080\"><em><strong> \u017byczymy\u00a0 widzom wspania\u0142ych wra\u017ce\u0144.\u00a0\u00a0<\/strong><\/em><\/span><\/p>\n","protected":false},"excerpt":{"rendered":"<p>Szanowni Pa\u0144stwo! Zgodnie z wcze\u015bniejszymi informacjami zapraszamy dzieci w dniu 3 grudnia godzina 10.30\u00a0 na spektakl teatralny do Teatru na Ostrowie Tumskim. Przedstawienie powsta\u0142o na podstawie ksi\u0105\u017cki , kt\u00f3r\u0105 wszyscy [&hellip;]<\/p>\n","protected":false},"author":115,"featured_media":11486,"comment_status":"closed","ping_status":"closed","sticky":false,"template":"","format":"standard","meta":{"ngg_post_thumbnail":0,"footnotes":""},"categories":[3],"tags":[],"class_list":["post-13028","post","type-post","status-publish","format-standard","has-post-thumbnail","hentry","category-aktualnosci","clearfix"],"_links":{"self":[{"href":"https:\/\/przedszkole18.edu.wroclaw.pl\/index.php\/wp-json\/wp\/v2\/posts\/13028","targetHints":{"allow":["GET"]}}],"collection":[{"href":"https:\/\/przedszkole18.edu.wroclaw.pl\/index.php\/wp-json\/wp\/v2\/posts"}],"about":[{"href":"https:\/\/przedszkole18.edu.wroclaw.pl\/index.php\/wp-json\/wp\/v2\/types\/post"}],"author":[{"embeddable":true,"href":"https:\/\/przedszkole18.edu.wroclaw.pl\/index.php\/wp-json\/wp\/v2\/users\/115"}],"replies":[{"embeddable":true,"href":"https:\/\/przedszkole18.edu.wroclaw.pl\/index.php\/wp-json\/wp\/v2\/comments?post=13028"}],"version-history":[{"count":4,"href":"https:\/\/przedszkole18.edu.wroclaw.pl\/index.php\/wp-json\/wp\/v2\/posts\/13028\/revisions"}],"predecessor-version":[{"id":13032,"href":"https:\/\/przedszkole18.edu.wroclaw.pl\/index.php\/wp-json\/wp\/v2\/posts\/13028\/revisions\/13032"}],"wp:featuredmedia":[{"embeddable":true,"href":"https:\/\/przedszkole18.edu.wroclaw.pl\/index.php\/wp-json\/wp\/v2\/media\/11486"}],"wp:attachment":[{"href":"https:\/\/przedszkole18.edu.wroclaw.pl\/index.php\/wp-json\/wp\/v2\/media?parent=13028"}],"wp:term":[{"taxonomy":"category","embeddable":true,"href":"https:\/\/przedszkole18.edu.wroclaw.pl\/index.php\/wp-json\/wp\/v2\/categories?post=13028"},{"taxonomy":"post_tag","embeddable":true,"href":"https:\/\/przedszkole18.edu.wroclaw.pl\/index.php\/wp-json\/wp\/v2\/tags?post=13028"}],"curies":[{"name":"wp","href":"https:\/\/api.w.org\/{rel}","templated":true}]}}