
{"id":13033,"date":"2025-11-29T15:48:49","date_gmt":"2025-11-29T14:48:49","guid":{"rendered":"https:\/\/przedszkole18.edu.wroclaw.pl\/?p=13033"},"modified":"2025-11-29T15:48:49","modified_gmt":"2025-11-29T14:48:49","slug":"spotkanie-z-natura-jez-cudowny-zwierz","status":"publish","type":"post","link":"https:\/\/przedszkole18.edu.wroclaw.pl\/index.php\/2025\/11\/29\/spotkanie-z-natura-jez-cudowny-zwierz\/","title":{"rendered":"Spotkanie z natur\u0105 &#8211; Je\u017c, cudowny zwierz."},"content":{"rendered":"<p><span style=\"color: #008000\"><em><strong><span style=\"font-size: 14pt\">Kochane Dzieci!<\/span><\/strong><\/em><\/span><\/p>\n<p><span style=\"color: #333399\"><em><strong><span style=\"font-size: 14pt\">Zapraszamy na wyj\u0105tkowe spotkanie z \u017cywym\u00a0 okazem Je\u017ca !<\/span><\/strong><\/em><\/span><\/p>\n<p><span style=\"color: #333399\"><em><strong><span style=\"font-size: 14pt\">Podczas spotkania dowiecie si\u0119: j<\/span><\/strong><\/em><\/span><span style=\"color: #333399\"><em><strong><span style=\"font-size: 14pt\">ak zachowa\u0107 si\u0119 , gdy spotkamy je\u017ca w naturze \u2013 czego nie robi\u0107, a co mo\u017ce mu pom\u00f3c, c<\/span><\/strong><\/em><\/span><span style=\"color: #333399\"><em><strong><span style=\"font-size: 14pt\">o jedz\u0105 je\u017ce i dlaczego nie powinni\u015bmy ich dokarmia\u0107 mlekiem, j<\/span><\/strong><\/em><\/span><span style=\"color: #333399\"><em><strong><span style=\"font-size: 14pt\">ak bezpiecznie pom\u00f3c je\u017cowi , je\u017celi znajdziemy chore, ranne lub zagubione zwierz\u0105tko.<\/span><\/strong><\/em><\/span><\/p>\n<p><span style=\"color: #333399\"><em><strong><span style=\"font-size: 14pt\">Spotkanie\u00a0\u00a0 b\u0119dzie pe\u0142ne ciekawostek, praktycznych wskaz\u00f3wek dla wszystkich.\u00a0To wspania\u0142a\u00a0 okazja do poznania tego sympatycznego\u00a0 mieszka\u0144ca naszych ogrod\u00f3w.<\/span><\/strong><\/em><\/span><\/p>\n<p><span style=\"color: #333399\"><em><strong><span style=\"font-size: 14pt\"><span style=\"color: #008000\">4 grudnia 2025r<\/span> zaczynamy o\u00a0 \u00a0<span style=\"color: #008000\">godzinie\u00a0 9.15<\/span> ,\u00a0 przyjdziemy do wszystkich grup.<\/span><\/strong><\/em><\/span><\/p>\n<p><span style=\"color: #333399\"><em><strong><span style=\"font-size: 14pt\">Spotkanie\u00a0 prowadzone za darmo,\u00a0 mo\u017cemy jednak podzi\u0119kowa\u0107 kupuj\u0105c karm\u0119 dla Je\u017cy. Mo\u017ce to by\u0107 karma kocia ale z du\u017c\u0105 zawarto\u015bci\u0105 mi\u0119sa,\u00a0 bez zb\u00f3\u017c lub pokarm dla Je\u017cy, zakupiony w sklepie zoologicznym. <\/span><\/strong><\/em><\/span><\/p>\n<p><span style=\"color: #333399\"><em><strong><span style=\"font-size: 14pt\">To b\u0119dzie mi\u0142y gest z naszej strony i podzi\u0119kowanie za spotkanie.\u00a0 Na werandzie postawimy koszek mo\u017cesz si\u0119 przy\u0142\u0105czy\u0107 i przekaza\u0107 tam karm\u0119.\u00a0\u00a0<\/span><\/strong><\/em><\/span><span style=\"color: #008000\"><em><strong><span style=\"font-size: 14pt\">Serdecznie zapraszamy!\u00a0\u00a0<\/span><\/strong><\/em><\/span><\/p>\n","protected":false},"excerpt":{"rendered":"<p>Kochane Dzieci! Zapraszamy na wyj\u0105tkowe spotkanie z \u017cywym\u00a0 okazem Je\u017ca ! Podczas spotkania dowiecie si\u0119: jak zachowa\u0107 si\u0119 , gdy spotkamy je\u017ca w naturze \u2013 czego nie robi\u0107, a co [&hellip;]<\/p>\n","protected":false},"author":115,"featured_media":11446,"comment_status":"closed","ping_status":"closed","sticky":false,"template":"","format":"standard","meta":{"ngg_post_thumbnail":0,"footnotes":""},"categories":[3],"tags":[],"class_list":["post-13033","post","type-post","status-publish","format-standard","has-post-thumbnail","hentry","category-aktualnosci","clearfix"],"_links":{"self":[{"href":"https:\/\/przedszkole18.edu.wroclaw.pl\/index.php\/wp-json\/wp\/v2\/posts\/13033","targetHints":{"allow":["GET"]}}],"collection":[{"href":"https:\/\/przedszkole18.edu.wroclaw.pl\/index.php\/wp-json\/wp\/v2\/posts"}],"about":[{"href":"https:\/\/przedszkole18.edu.wroclaw.pl\/index.php\/wp-json\/wp\/v2\/types\/post"}],"author":[{"embeddable":true,"href":"https:\/\/przedszkole18.edu.wroclaw.pl\/index.php\/wp-json\/wp\/v2\/users\/115"}],"replies":[{"embeddable":true,"href":"https:\/\/przedszkole18.edu.wroclaw.pl\/index.php\/wp-json\/wp\/v2\/comments?post=13033"}],"version-history":[{"count":1,"href":"https:\/\/przedszkole18.edu.wroclaw.pl\/index.php\/wp-json\/wp\/v2\/posts\/13033\/revisions"}],"predecessor-version":[{"id":13034,"href":"https:\/\/przedszkole18.edu.wroclaw.pl\/index.php\/wp-json\/wp\/v2\/posts\/13033\/revisions\/13034"}],"wp:featuredmedia":[{"embeddable":true,"href":"https:\/\/przedszkole18.edu.wroclaw.pl\/index.php\/wp-json\/wp\/v2\/media\/11446"}],"wp:attachment":[{"href":"https:\/\/przedszkole18.edu.wroclaw.pl\/index.php\/wp-json\/wp\/v2\/media?parent=13033"}],"wp:term":[{"taxonomy":"category","embeddable":true,"href":"https:\/\/przedszkole18.edu.wroclaw.pl\/index.php\/wp-json\/wp\/v2\/categories?post=13033"},{"taxonomy":"post_tag","embeddable":true,"href":"https:\/\/przedszkole18.edu.wroclaw.pl\/index.php\/wp-json\/wp\/v2\/tags?post=13033"}],"curies":[{"name":"wp","href":"https:\/\/api.w.org\/{rel}","templated":true}]}}