
{"id":13035,"date":"2025-11-29T15:55:13","date_gmt":"2025-11-29T14:55:13","guid":{"rendered":"https:\/\/przedszkole18.edu.wroclaw.pl\/?p=13035"},"modified":"2025-11-29T15:55:13","modified_gmt":"2025-11-29T14:55:13","slug":"zapraszamy-na-spotkanie-z-mikolajem-i-sniezynka","status":"publish","type":"post","link":"https:\/\/przedszkole18.edu.wroclaw.pl\/index.php\/2025\/11\/29\/zapraszamy-na-spotkanie-z-mikolajem-i-sniezynka\/","title":{"rendered":"Zapraszamy na Spotkanie z Miko\u0142ajem i \u015anie\u017cynk\u0105."},"content":{"rendered":"<p><span style=\"font-size: 14pt;color: #ff0000\"><em><strong>Kochane Dzieci !\u00a0\u00a0<\/strong><\/em><\/span><\/p>\n<p><span style=\"font-size: 14pt;color: #003366\"><em><strong>Serdecznie zapraszamy na magiczne spotkanie ze \u015awi\u0119tym Miko\u0142ajem i jego weso\u0142\u0105 pomocnic\u0105 \u015anie\u017cynk\u0105!<\/strong><\/em><\/span><\/p>\n<p><span style=\"font-size: 14pt;color: #003366\"><em><strong>Czeka na Was du\u017co u\u015bmiechu, \u015bwi\u0105teczna atmosfera\u00a0 i mn\u00f3stwo zimowych niespodzianek.<\/strong><\/em><\/span><\/p>\n<p><span style=\"font-size: 14pt;color: #ff0000\"><em><strong>Przyjd\u017acie, aby:<\/strong><\/em><\/span><\/p>\n<p><span style=\"font-size: 14pt;color: #000080\"><em><strong>&#8211; porozmawia\u0107 z Miko\u0142ajem,<\/strong><\/em><\/span><\/p>\n<p><span style=\"font-size: 14pt;color: #000080\"><em><strong>&#8211; przekaza\u0107 mu swoje marzenia ,<\/strong><\/em><\/span><\/p>\n<p><span style=\"font-size: 14pt;color: #000080\"><em><strong>&#8211; wzi\u0105\u0107 udzia\u0142 w \u015bwi\u0105tecznych zabawach przygotowanych przez \u015anie\u017cynk\u0119.\u00a0<\/strong><\/em><\/span><\/p>\n<p><span style=\"font-size: 14pt;color: #008000\"><em><strong>Za\u0142\u00f3\u017ccie swoje ulubione \u015bwi\u0105teczne stroje i przygotujcie szerokie u\u015bmiechy!\u00a0<\/strong><\/em><\/span><\/p>\n<p><span style=\"font-size: 14pt;color: #008000\"><em><strong>Do zobaczenie na naszym wyj\u0105tkowym zimowym spotkaniu!<\/strong><\/em><\/span><\/p>\n<p style=\"text-align: left\"><span style=\"font-size: 14pt;color: #ff0000\"><em><strong>5 grudnia 2025r start godzina 9.15<\/strong><\/em><\/span><\/p>\n","protected":false},"excerpt":{"rendered":"<p>Kochane Dzieci !\u00a0\u00a0 Serdecznie zapraszamy na magiczne spotkanie ze \u015awi\u0119tym Miko\u0142ajem i jego weso\u0142\u0105 pomocnic\u0105 \u015anie\u017cynk\u0105! Czeka na Was du\u017co u\u015bmiechu, \u015bwi\u0105teczna atmosfera\u00a0 i mn\u00f3stwo zimowych niespodzianek. Przyjd\u017acie, aby: &#8211; [&hellip;]<\/p>\n","protected":false},"author":115,"featured_media":11726,"comment_status":"closed","ping_status":"closed","sticky":false,"template":"","format":"standard","meta":{"ngg_post_thumbnail":0,"footnotes":""},"categories":[3],"tags":[],"class_list":["post-13035","post","type-post","status-publish","format-standard","has-post-thumbnail","hentry","category-aktualnosci","clearfix"],"_links":{"self":[{"href":"https:\/\/przedszkole18.edu.wroclaw.pl\/index.php\/wp-json\/wp\/v2\/posts\/13035","targetHints":{"allow":["GET"]}}],"collection":[{"href":"https:\/\/przedszkole18.edu.wroclaw.pl\/index.php\/wp-json\/wp\/v2\/posts"}],"about":[{"href":"https:\/\/przedszkole18.edu.wroclaw.pl\/index.php\/wp-json\/wp\/v2\/types\/post"}],"author":[{"embeddable":true,"href":"https:\/\/przedszkole18.edu.wroclaw.pl\/index.php\/wp-json\/wp\/v2\/users\/115"}],"replies":[{"embeddable":true,"href":"https:\/\/przedszkole18.edu.wroclaw.pl\/index.php\/wp-json\/wp\/v2\/comments?post=13035"}],"version-history":[{"count":1,"href":"https:\/\/przedszkole18.edu.wroclaw.pl\/index.php\/wp-json\/wp\/v2\/posts\/13035\/revisions"}],"predecessor-version":[{"id":13036,"href":"https:\/\/przedszkole18.edu.wroclaw.pl\/index.php\/wp-json\/wp\/v2\/posts\/13035\/revisions\/13036"}],"wp:featuredmedia":[{"embeddable":true,"href":"https:\/\/przedszkole18.edu.wroclaw.pl\/index.php\/wp-json\/wp\/v2\/media\/11726"}],"wp:attachment":[{"href":"https:\/\/przedszkole18.edu.wroclaw.pl\/index.php\/wp-json\/wp\/v2\/media?parent=13035"}],"wp:term":[{"taxonomy":"category","embeddable":true,"href":"https:\/\/przedszkole18.edu.wroclaw.pl\/index.php\/wp-json\/wp\/v2\/categories?post=13035"},{"taxonomy":"post_tag","embeddable":true,"href":"https:\/\/przedszkole18.edu.wroclaw.pl\/index.php\/wp-json\/wp\/v2\/tags?post=13035"}],"curies":[{"name":"wp","href":"https:\/\/api.w.org\/{rel}","templated":true}]}}