
{"id":13037,"date":"2025-11-30T12:34:56","date_gmt":"2025-11-30T11:34:56","guid":{"rendered":"https:\/\/przedszkole18.edu.wroclaw.pl\/?p=13037"},"modified":"2025-11-30T12:34:56","modified_gmt":"2025-11-30T11:34:56","slug":"wazne-39","status":"publish","type":"post","link":"https:\/\/przedszkole18.edu.wroclaw.pl\/index.php\/2025\/11\/30\/wazne-39\/","title":{"rendered":"Wa\u017cne!"},"content":{"rendered":"<p><span style=\"font-size: 14pt;color: #000080\"><em><strong>Szanowni Pa\u0144stwo!<\/strong><\/em><\/span><\/p>\n<p><span style=\"font-size: 14pt;color: #000080\"><em><strong>Zwracam si\u0119 do Pa\u0144stwa z trosk\u0105 i niepokojem. Coraz cz\u0119\u015bciej obserwujemy w\u015br\u00f3d naszych przedszkolak\u00f3w, zachowania \u015bwiadcz\u0105ce o tym, \u017ce dzieci maj\u0105 kontakt z tre\u015bciami nieodpowiednimi dla ich wieku \u2013 zar\u00f3wno bajki, jak i filmy, kt\u00f3re dedykowane s\u0105 dla starszych odbiorc\u00f3w.<\/strong><\/em><\/span><\/p>\n<p><span style=\"font-size: 14pt;color: #000080\"><em><strong>W codziennych rozmowach dzieci wspominaj\u0105 tytu\u0142y takie jak: \u201e K-pop demon hunters\u201d, \u201eNinjago\u201d , \u201eSquid Game\u201d , \u201e Dragon ball \u201e<\/strong><\/em><\/span><\/p>\n<p><span style=\"font-size: 14pt;color: #000080\"><em><strong>Niestety wraz z tymi opowie\u015bciami pojawia si\u0119 r\u00f3wnie\u017c odtwarzanie scen, pe\u0142nych przemocy, strachu czy napi\u0119cia, kt\u00f3re dla przedszkolaka\u00a0 s\u0105 zbyt silne, niepokoj\u0105ce, a nawet mog\u0105 wp\u0142ywa\u0107 na jego poczucie bezpiecze\u0144stwa. \u00a0<\/strong><\/em><\/span><\/p>\n<p><span style=\"font-size: 14pt;color: #000080\"><em><strong>W ostatnim czasie cz\u0119sto zauwa\u017camy narastaj\u0105c\u0105 agresj\u0119 s\u0142own\u0105 i fizyczn\u0105 mi\u0119dzy dzie\u0107mi. Pojawiaj\u0105 si\u0119 teksty i agresywne zachowanie, inspirowane wspomnianymi filmami \u2013 gro\u017cenie, \u201ewalka\u201d, odpychanie , a nawet na\u015bladowanie brutalnych scen. Dzieci cz\u0119sto nie rozumiej\u0105 , \u017ce to co widz\u0105 na ekranie , nie jest odpowiednim wzorcem zachowania, a ich emocje zwi\u0105zane ze strachem\u00a0 lub nadmiernym pobudzeniem ujawnia si\u0119 w kontaktach z r\u00f3wie\u015bnikami. \u00a0\u00a0\u00a0\u00a0\u00a0<\/strong><\/em><\/span><\/p>\n<p><span style=\"font-size: 14pt;color: #000080\"><em><strong>Wszyscy chcieliby\u015bmy, aby dorastaj\u0105ce dzi\u015b dzieci\u00a0 &#8211; przysz\u0142e pokolenie \u2013 nios\u0142o ze sob\u0105 to, czego uczono nas samych; pomocy, bezinteresowno\u015bci , wra\u017cliwo\u015bci\u00a0 i trosk\u0119 o drugiego cz\u0142owieka. To warto\u015bci\u00a0 uniwersalne, kt\u00f3re nie trac\u0105 na znaczeniu, mimo szybko zmieniaj\u0105cego si\u0119 \u015bwiata , nowych technologii, czy p\u0119dz\u0105cej kultury. Wr\u0119cz przeciwnie \u2013 w czasach tak intensywnych bod\u017ac\u00f3w\u00a0 i presji s\u0105 one potrzebne bardziej ni\u017c kiedykolwiek. Dlatego tak wa\u017cne jest , aby w otoczeniu dzieci \u00a0dominowa\u0142y tre\u015bci wzmacniaj\u0105ce\u00a0 empati\u0119, wsp\u00f3\u0142prac\u0119 i \u017cyczliwo\u015b\u0107\u00a0 &#8211; nie te kt\u00f3re ucz\u0105 przemocy , rywalizacji za wszelk\u0105 cen\u0119\u00a0 czy bagatelizowania emocji innych os\u00f3b.<\/strong><\/em><\/span><\/p>\n<p><span style=\"font-size: 14pt;color: #000080\"><em><strong>Wierz\u0119 \u017ce wsp\u00f3lnie mo\u017cemy wspiera\u0107 dzieci w budowaniu postaw , kt\u00f3re w przysz\u0142o\u015bci zaowocuj\u0105 dojrza\u0142o\u015bci\u0105 , odpowiedzialno\u015bci\u0105\u00a0 i umiej\u0119tno\u015bci\u0105 tworzenia zdrowych relacji. Prosz\u0119 o szczeg\u00f3ln\u0105 uwa\u017cno\u015b\u0107 na to, jakie tre\u015bci dzieci ogl\u0105daj\u0105 w domu, oraz o rozmow\u0119 z nimi na temat tego, co jest fikcj\u0105 , a co realnym zachowaniem. W przypadku produkcji adresowanych do starszych widz\u00f3w najlepiej ca\u0142kowicie ograniczy\u0107 dost\u0119p \u2013 nawet kr\u00f3tki fragment mo\u017ce okaza\u0107 si\u0119 dla dziecka zbyt intensywne i trudny do przetworzenia.<\/strong><\/em><\/span><\/p>\n<p><span style=\"font-size: 14pt;color: #000080\"><em><strong>Naszym wsp\u00f3lnym celem jest \u00a0stworzenie dzieciom bezpiecznego, spokojnego i wspieraj\u0105cego \u015brodowiska . Wierz\u0119 \u017ce dzi\u0119ki Pa\u0144stwa pomocy, zrozumieniu i wsp\u00f3\u0142pracy uda si\u0119 ograniczy\u0107 niepokoj\u0105ce zachowania i przywr\u00f3ci\u0107 r\u00f3wnowag\u0119 w\u015br\u00f3d grup r\u00f3wie\u015bniczych.<\/strong><\/em><\/span><\/p>\n<p><span style=\"color: #666699\"><em><span style=\"font-size: 14pt\"><span style=\"color: #000080\"><strong>Dzi\u0119kuj\u0119 za zrozumienie i wsparcie. Z wyrazami szacunku.\u00a0<\/strong><\/span> Dyrektor plac\u00f3wki Lidia Walczak-I\u017cycka\u00a0<\/span><\/em><\/span><\/p>\n","protected":false},"excerpt":{"rendered":"<p>Szanowni Pa\u0144stwo! Zwracam si\u0119 do Pa\u0144stwa z trosk\u0105 i niepokojem. Coraz cz\u0119\u015bciej obserwujemy w\u015br\u00f3d naszych przedszkolak\u00f3w, zachowania \u015bwiadcz\u0105ce o tym, \u017ce dzieci maj\u0105 kontakt z tre\u015bciami nieodpowiednimi dla ich wieku [&hellip;]<\/p>\n","protected":false},"author":115,"featured_media":12556,"comment_status":"closed","ping_status":"closed","sticky":false,"template":"","format":"standard","meta":{"ngg_post_thumbnail":0,"footnotes":""},"categories":[3],"tags":[],"class_list":["post-13037","post","type-post","status-publish","format-standard","has-post-thumbnail","hentry","category-aktualnosci","clearfix"],"_links":{"self":[{"href":"https:\/\/przedszkole18.edu.wroclaw.pl\/index.php\/wp-json\/wp\/v2\/posts\/13037","targetHints":{"allow":["GET"]}}],"collection":[{"href":"https:\/\/przedszkole18.edu.wroclaw.pl\/index.php\/wp-json\/wp\/v2\/posts"}],"about":[{"href":"https:\/\/przedszkole18.edu.wroclaw.pl\/index.php\/wp-json\/wp\/v2\/types\/post"}],"author":[{"embeddable":true,"href":"https:\/\/przedszkole18.edu.wroclaw.pl\/index.php\/wp-json\/wp\/v2\/users\/115"}],"replies":[{"embeddable":true,"href":"https:\/\/przedszkole18.edu.wroclaw.pl\/index.php\/wp-json\/wp\/v2\/comments?post=13037"}],"version-history":[{"count":1,"href":"https:\/\/przedszkole18.edu.wroclaw.pl\/index.php\/wp-json\/wp\/v2\/posts\/13037\/revisions"}],"predecessor-version":[{"id":13038,"href":"https:\/\/przedszkole18.edu.wroclaw.pl\/index.php\/wp-json\/wp\/v2\/posts\/13037\/revisions\/13038"}],"wp:featuredmedia":[{"embeddable":true,"href":"https:\/\/przedszkole18.edu.wroclaw.pl\/index.php\/wp-json\/wp\/v2\/media\/12556"}],"wp:attachment":[{"href":"https:\/\/przedszkole18.edu.wroclaw.pl\/index.php\/wp-json\/wp\/v2\/media?parent=13037"}],"wp:term":[{"taxonomy":"category","embeddable":true,"href":"https:\/\/przedszkole18.edu.wroclaw.pl\/index.php\/wp-json\/wp\/v2\/categories?post=13037"},{"taxonomy":"post_tag","embeddable":true,"href":"https:\/\/przedszkole18.edu.wroclaw.pl\/index.php\/wp-json\/wp\/v2\/tags?post=13037"}],"curies":[{"name":"wp","href":"https:\/\/api.w.org\/{rel}","templated":true}]}}