
{"id":13081,"date":"2025-12-10T12:56:12","date_gmt":"2025-12-10T11:56:12","guid":{"rendered":"https:\/\/przedszkole18.edu.wroclaw.pl\/?p=13081"},"modified":"2025-12-10T16:32:00","modified_gmt":"2025-12-10T15:32:00","slug":"wazne-40","status":"publish","type":"post","link":"https:\/\/przedszkole18.edu.wroclaw.pl\/index.php\/2025\/12\/10\/wazne-40\/","title":{"rendered":"Wa\u017cne!"},"content":{"rendered":"<p><span style=\"font-size: 14pt;color: #000080\"><em><strong>Drodzy Rodzice!<\/strong><\/em><\/span><\/p>\n<p><span style=\"font-size: 14pt;color: #000080\"><em><strong>Zbli\u017ca si\u0119 koniec roku bud\u017cetowego , dlatego te\u017c bardzo prosz\u0119 o uregulowanie op\u0142at za pobyt i \u017cywienie dzieci do 15 grudnia, zgodnie z deklaracj\u0105 podpisan\u0105 przez Pa\u0144stwa. Pa\u0144stwa terminowe wp\u0142aty pozwol\u0105 nam dotrzyma\u0107 obowi\u0105zuj\u0105cych nas termin\u00f3w\u00a0 wskazanych przez Urz\u0105d Miasta , a tak\u017ce pozwol\u0105 na przygotowanie pracy\u00a0 w kolejnych miesi\u0105cach.<\/strong><\/em><\/span><\/p>\n<p><span style=\"font-size: 14pt;color: #000080\"><em><strong>W zwi\u0105zku z obserwowan\u0105 od lat zmniejszon\u0105 frekwencj\u0105 dzieci w okresie mi\u0119dzy\u015bwi\u0105tecznym, kt\u00f3ry w tym roku szkolnym jest wyj\u0105tkowo d\u0142ugi, pragn\u0105c\u00a0 jak najlepiej zorganizowa\u0107 prac\u0119 personelu oraz opiek\u0119\u00a0 nad dzie\u0107mi , w grupach Pa\u0144stwa dzieci b\u0119d\u0105 dost\u0119pne listy , na kt\u00f3rych prosz\u0119 uzupe\u0142ni\u0107 planowany pobyt dziecka w wy\u017cej wymienionym okresie.\u00a0 Nadmieniam, \u017ce zgodnie z zapisem Statutu Przedszkola nr 18 &#8222;Wiolinek&#8221;\u00a0 dopuszcza si\u0119 \u0142\u0105czenie dzieci w grupach zbiorczych.\u00a0<\/strong><\/em><\/span><\/p>\n<p><span style=\"font-size: 14pt;color: #000080\"><em><strong>Dzi\u0119kuje za wsp\u00f3\u0142prac\u0119 i \u017cyczliwo\u015b\u0107 . Pozdrawiam serdecznie <\/strong><span style=\"color: #666699;font-size: 12pt\">Dyrektor plac\u00f3wki Lidia Walczak-I\u017cycka\u00a0<\/span><\/em><\/span><\/p>\n","protected":false},"excerpt":{"rendered":"<p>Drodzy Rodzice! Zbli\u017ca si\u0119 koniec roku bud\u017cetowego , dlatego te\u017c bardzo prosz\u0119 o uregulowanie op\u0142at za pobyt i \u017cywienie dzieci do 15 grudnia, zgodnie z deklaracj\u0105 podpisan\u0105 przez Pa\u0144stwa. Pa\u0144stwa [&hellip;]<\/p>\n","protected":false},"author":115,"featured_media":12556,"comment_status":"closed","ping_status":"closed","sticky":false,"template":"","format":"standard","meta":{"ngg_post_thumbnail":0,"footnotes":""},"categories":[3],"tags":[],"class_list":["post-13081","post","type-post","status-publish","format-standard","has-post-thumbnail","hentry","category-aktualnosci","clearfix"],"_links":{"self":[{"href":"https:\/\/przedszkole18.edu.wroclaw.pl\/index.php\/wp-json\/wp\/v2\/posts\/13081","targetHints":{"allow":["GET"]}}],"collection":[{"href":"https:\/\/przedszkole18.edu.wroclaw.pl\/index.php\/wp-json\/wp\/v2\/posts"}],"about":[{"href":"https:\/\/przedszkole18.edu.wroclaw.pl\/index.php\/wp-json\/wp\/v2\/types\/post"}],"author":[{"embeddable":true,"href":"https:\/\/przedszkole18.edu.wroclaw.pl\/index.php\/wp-json\/wp\/v2\/users\/115"}],"replies":[{"embeddable":true,"href":"https:\/\/przedszkole18.edu.wroclaw.pl\/index.php\/wp-json\/wp\/v2\/comments?post=13081"}],"version-history":[{"count":2,"href":"https:\/\/przedszkole18.edu.wroclaw.pl\/index.php\/wp-json\/wp\/v2\/posts\/13081\/revisions"}],"predecessor-version":[{"id":13083,"href":"https:\/\/przedszkole18.edu.wroclaw.pl\/index.php\/wp-json\/wp\/v2\/posts\/13081\/revisions\/13083"}],"wp:featuredmedia":[{"embeddable":true,"href":"https:\/\/przedszkole18.edu.wroclaw.pl\/index.php\/wp-json\/wp\/v2\/media\/12556"}],"wp:attachment":[{"href":"https:\/\/przedszkole18.edu.wroclaw.pl\/index.php\/wp-json\/wp\/v2\/media?parent=13081"}],"wp:term":[{"taxonomy":"category","embeddable":true,"href":"https:\/\/przedszkole18.edu.wroclaw.pl\/index.php\/wp-json\/wp\/v2\/categories?post=13081"},{"taxonomy":"post_tag","embeddable":true,"href":"https:\/\/przedszkole18.edu.wroclaw.pl\/index.php\/wp-json\/wp\/v2\/tags?post=13081"}],"curies":[{"name":"wp","href":"https:\/\/api.w.org\/{rel}","templated":true}]}}