
{"id":13084,"date":"2025-12-11T11:42:57","date_gmt":"2025-12-11T10:42:57","guid":{"rendered":"https:\/\/przedszkole18.edu.wroclaw.pl\/?p=13084"},"modified":"2025-12-11T11:48:25","modified_gmt":"2025-12-11T10:48:25","slug":"koncert-koled-2","status":"publish","type":"post","link":"https:\/\/przedszkole18.edu.wroclaw.pl\/index.php\/2025\/12\/11\/koncert-koled-2\/","title":{"rendered":"Koncert Kol\u0119d."},"content":{"rendered":"<p>&nbsp;<\/p>\n<p style=\"text-align: center\"><span style=\"font-size: 18pt;color: #000080\"><em><strong>Szanowni Pa\u0144stwo!\u00a0<\/strong><\/em><\/span><\/p>\n<p style=\"text-align: center\"><span style=\"font-size: 18pt;color: #000080\"><em><strong>M<span style=\"font-size: 14pt\">amy przyjemno\u015b\u0107 zaprosi\u0107 Pa\u0144stwa,\u00a0 na wyj\u0105tkowe wydarzenie\u00a0 \u015awi\u0105teczny Koncert Kol\u0119d, w wykonaniu przedszkolak\u00f3w z grupy 3 i 4\u00a0 Przy du\u017cym\u00a0 zaanga\u017cowaniu wszystkich, stworzyli\u015bmy wyj\u0105tkowy wyst\u0119p, pe\u0142en muzyki, u\u015bmiechu i \u015bwi\u0105tecznego nastroju. <\/span><\/strong><\/em><\/span><\/p>\n<p style=\"text-align: center\"><span style=\"font-size: 18pt;color: #000080\"><em><strong><span style=\"font-size: 14pt\">B\u0119dzie to pi\u0119kna okazja, aby wsp\u00f3lnie poczu\u0107 magi\u0119 zbli\u017caj\u0105cych si\u0119 \u015awi\u0105t Bo\u017cego Narodzenia.<\/span><\/strong><\/em><\/span><\/p>\n<p style=\"text-align: center\"><span style=\"font-size: 14pt;color: #000080\"><em><strong>Koncert odb\u0119dzie si\u0119 17 grudnia, godzina 16.00.\u00a0 Sali grupy 4.<\/strong><\/em><\/span><\/p>\n<p style=\"text-align: center\"><span style=\"font-size: 14pt;color: #000080\"><em><strong> Zapraszamy serdecznie.\u00a0<\/strong><\/em><\/span><\/p>\n","protected":false},"excerpt":{"rendered":"<p>&nbsp; Szanowni Pa\u0144stwo!\u00a0 Mamy przyjemno\u015b\u0107 zaprosi\u0107 Pa\u0144stwa,\u00a0 na wyj\u0105tkowe wydarzenie\u00a0 \u015awi\u0105teczny Koncert Kol\u0119d, w wykonaniu przedszkolak\u00f3w z grupy 3 i 4\u00a0 Przy du\u017cym\u00a0 zaanga\u017cowaniu wszystkich, stworzyli\u015bmy wyj\u0105tkowy wyst\u0119p, pe\u0142en muzyki, [&hellip;]<\/p>\n","protected":false},"author":115,"featured_media":8072,"comment_status":"closed","ping_status":"closed","sticky":false,"template":"","format":"standard","meta":{"ngg_post_thumbnail":0,"footnotes":""},"categories":[3],"tags":[],"class_list":["post-13084","post","type-post","status-publish","format-standard","has-post-thumbnail","hentry","category-aktualnosci","clearfix"],"_links":{"self":[{"href":"https:\/\/przedszkole18.edu.wroclaw.pl\/index.php\/wp-json\/wp\/v2\/posts\/13084","targetHints":{"allow":["GET"]}}],"collection":[{"href":"https:\/\/przedszkole18.edu.wroclaw.pl\/index.php\/wp-json\/wp\/v2\/posts"}],"about":[{"href":"https:\/\/przedszkole18.edu.wroclaw.pl\/index.php\/wp-json\/wp\/v2\/types\/post"}],"author":[{"embeddable":true,"href":"https:\/\/przedszkole18.edu.wroclaw.pl\/index.php\/wp-json\/wp\/v2\/users\/115"}],"replies":[{"embeddable":true,"href":"https:\/\/przedszkole18.edu.wroclaw.pl\/index.php\/wp-json\/wp\/v2\/comments?post=13084"}],"version-history":[{"count":5,"href":"https:\/\/przedszkole18.edu.wroclaw.pl\/index.php\/wp-json\/wp\/v2\/posts\/13084\/revisions"}],"predecessor-version":[{"id":13089,"href":"https:\/\/przedszkole18.edu.wroclaw.pl\/index.php\/wp-json\/wp\/v2\/posts\/13084\/revisions\/13089"}],"wp:featuredmedia":[{"embeddable":true,"href":"https:\/\/przedszkole18.edu.wroclaw.pl\/index.php\/wp-json\/wp\/v2\/media\/8072"}],"wp:attachment":[{"href":"https:\/\/przedszkole18.edu.wroclaw.pl\/index.php\/wp-json\/wp\/v2\/media?parent=13084"}],"wp:term":[{"taxonomy":"category","embeddable":true,"href":"https:\/\/przedszkole18.edu.wroclaw.pl\/index.php\/wp-json\/wp\/v2\/categories?post=13084"},{"taxonomy":"post_tag","embeddable":true,"href":"https:\/\/przedszkole18.edu.wroclaw.pl\/index.php\/wp-json\/wp\/v2\/tags?post=13084"}],"curies":[{"name":"wp","href":"https:\/\/api.w.org\/{rel}","templated":true}]}}