
{"id":13093,"date":"2025-12-16T18:14:17","date_gmt":"2025-12-16T17:14:17","guid":{"rendered":"https:\/\/przedszkole18.edu.wroclaw.pl\/?p=13093"},"modified":"2025-12-16T18:14:17","modified_gmt":"2025-12-16T17:14:17","slug":"informacja-13","status":"publish","type":"post","link":"https:\/\/przedszkole18.edu.wroclaw.pl\/index.php\/2025\/12\/16\/informacja-13\/","title":{"rendered":"Informacja"},"content":{"rendered":"<p><span style=\"font-size: 14pt;color: #000080\"><em><strong>Szanowni Pa\u0144stwo!<\/strong><\/em><\/span><\/p>\n<p><span style=\"font-size: 14pt;color: #000080\"><em><strong>Dwie wa\u017cne daty na bie\u017c\u0105cy tydzie\u0144\u00a0<\/strong><\/em><\/span><\/p>\n<p><span style=\"font-size: 14pt;color: #000080\"><em><strong>17 grudnia\/\u015broda\/ godzina 16.00\u00a0 uroczysty Koncert Kol\u0119d,\u00a0 bardzo prosimy o galowe ubranko dla dzieci z grup wyst\u0119puj\u0105cych.<\/strong><\/em><\/span><\/p>\n<p><span style=\"font-size: 14pt;color: #000080\"><em><strong>18 grudnia godzina 14.00 tradycyjny Wigilijny obiad. Aby podkre\u015bli\u0107\u00a0 uroczysty charakter tego wydarzenia, prosimy o od\u015bwi\u0119tne ubranka dla wszystkich przedszkolak\u00f3w. <\/strong><\/em><\/span><\/p>\n<p><span style=\"font-size: 14pt;color: #000080\"><em><strong>W\u00a0 \u015bwi\u0105teczny nastr\u00f3j, pomo\u017ce nam si\u0119 wczu\u0107 zapach wigilijnych potraw i wsp\u00f3lnie od\u015bpiewane kol\u0119dy. Dzi\u0119kujemy bardzo.\u00a0<\/strong><\/em><\/span><\/p>\n","protected":false},"excerpt":{"rendered":"<p>Szanowni Pa\u0144stwo! Dwie wa\u017cne daty na bie\u017c\u0105cy tydzie\u0144\u00a0 17 grudnia\/\u015broda\/ godzina 16.00\u00a0 uroczysty Koncert Kol\u0119d,\u00a0 bardzo prosimy o galowe ubranko dla dzieci z grup wyst\u0119puj\u0105cych. 18 grudnia godzina 14.00 tradycyjny [&hellip;]<\/p>\n","protected":false},"author":115,"featured_media":11826,"comment_status":"closed","ping_status":"closed","sticky":false,"template":"","format":"standard","meta":{"ngg_post_thumbnail":0,"footnotes":""},"categories":[3],"tags":[],"class_list":["post-13093","post","type-post","status-publish","format-standard","has-post-thumbnail","hentry","category-aktualnosci","clearfix"],"_links":{"self":[{"href":"https:\/\/przedszkole18.edu.wroclaw.pl\/index.php\/wp-json\/wp\/v2\/posts\/13093","targetHints":{"allow":["GET"]}}],"collection":[{"href":"https:\/\/przedszkole18.edu.wroclaw.pl\/index.php\/wp-json\/wp\/v2\/posts"}],"about":[{"href":"https:\/\/przedszkole18.edu.wroclaw.pl\/index.php\/wp-json\/wp\/v2\/types\/post"}],"author":[{"embeddable":true,"href":"https:\/\/przedszkole18.edu.wroclaw.pl\/index.php\/wp-json\/wp\/v2\/users\/115"}],"replies":[{"embeddable":true,"href":"https:\/\/przedszkole18.edu.wroclaw.pl\/index.php\/wp-json\/wp\/v2\/comments?post=13093"}],"version-history":[{"count":1,"href":"https:\/\/przedszkole18.edu.wroclaw.pl\/index.php\/wp-json\/wp\/v2\/posts\/13093\/revisions"}],"predecessor-version":[{"id":13094,"href":"https:\/\/przedszkole18.edu.wroclaw.pl\/index.php\/wp-json\/wp\/v2\/posts\/13093\/revisions\/13094"}],"wp:featuredmedia":[{"embeddable":true,"href":"https:\/\/przedszkole18.edu.wroclaw.pl\/index.php\/wp-json\/wp\/v2\/media\/11826"}],"wp:attachment":[{"href":"https:\/\/przedszkole18.edu.wroclaw.pl\/index.php\/wp-json\/wp\/v2\/media?parent=13093"}],"wp:term":[{"taxonomy":"category","embeddable":true,"href":"https:\/\/przedszkole18.edu.wroclaw.pl\/index.php\/wp-json\/wp\/v2\/categories?post=13093"},{"taxonomy":"post_tag","embeddable":true,"href":"https:\/\/przedszkole18.edu.wroclaw.pl\/index.php\/wp-json\/wp\/v2\/tags?post=13093"}],"curies":[{"name":"wp","href":"https:\/\/api.w.org\/{rel}","templated":true}]}}