
{"id":13111,"date":"2025-12-22T14:16:09","date_gmt":"2025-12-22T13:16:09","guid":{"rendered":"https:\/\/przedszkole18.edu.wroclaw.pl\/?p=13111"},"modified":"2025-12-22T14:16:09","modified_gmt":"2025-12-22T13:16:09","slug":"zyczenia-swiateczne-2","status":"publish","type":"post","link":"https:\/\/przedszkole18.edu.wroclaw.pl\/index.php\/2025\/12\/22\/zyczenia-swiateczne-2\/","title":{"rendered":"\u017byczenia \u015awi\u0105teczne."},"content":{"rendered":"<p style=\"text-align: left\"><span style=\"color: #000080;font-size: 14pt\"><em><strong>Drodzy Rodzice, Kochane Dzieci, <\/strong><\/em><\/span><\/p>\n<p style=\"text-align: left\"><span style=\"color: #000080;font-size: 14pt\"><em><strong>Szanowni Pracownicy,<\/strong><\/em><\/span><\/p>\n<p style=\"text-align: center\"><span style=\"color: #000080;font-size: 14pt\"><em><strong>z okazji nadchodz\u0105cych \u015awi\u0105t pragn\u0119 z\u0142o\u017cy\u0107 Wam serdeczne \u017cyczenia pe\u0142ne dobra, spokoju i \u015bwiat\u0142a.\u00a0 Niech anio\u0142y czuwaj\u0105 nad Wami ka\u017cdego dnia , nios\u0105c opiek\u0119 , ciep\u0142o i ukojenie tam, gdzie jest najbardziej potrzebne.<\/strong><\/em><\/span><\/p>\n<p style=\"text-align: center\"><span style=\"color: #000080;font-size: 14pt\"><em><strong>Niech to co ka\u017cdy z nas symbolicznie \u201enosi ze sob\u0105\u201d \u2013 dobro\u0107, m\u0105dro\u015b\u0107, warto\u015bci i wewn\u0119trzn\u0105 si\u0142\u0119 \u2013 b\u0119dzie jak otwierana z trosk\u0105 ksi\u0119ga, kt\u00f3ra prowadzi nas przez codzienno\u015b\u0107 i pozwala dostrzega\u0107 pi\u0119kno w drugim cz\u0142owieku.<\/strong><\/em><\/span><\/p>\n<p style=\"text-align: center\"><span style=\"color: #000080;font-size: 14pt\"><em><strong>\u017bycz\u0119 aby rodzinny czas \u015awi\u0105t roz\u015bwietli\u0142 serca, umocni\u0142 wi\u0119zi i przyni\u00f3s\u0142 rado\u015b\u0107, \u00a0a ka\u017cdy wsp\u00f3lny moment sta\u0142 si\u0119 \u017ar\u00f3d\u0142em ciep\u0142ych wspomnie\u0144.<\/strong><\/em><\/span><\/p>\n<p style=\"text-align: center\"><span style=\"color: #000080;font-size: 14pt\"><em><strong>W nadchodz\u0105cym Nowym Roku niech spe\u0142niaj\u0105 si\u0119 marzenia, niech towarzyszy Wam zdrowie, \u017cyczliwo\u015b\u0107 i pomy\u015blno\u015b\u0107, a ka\u017cdy dzie\u0144 otwiera nowe mo\u017cliwo\u015bci .<\/strong><\/em><\/span><\/p>\n<p style=\"text-align: center\"><span style=\"color: #000080;font-size: 14pt\"><em><strong>Niech rok ten b\u0119dzie pe\u0142en u\u015bmiechu, harmonii we wsp\u00f3\u0142pracy i satysfakcji\u00a0 z podejmowanych dzia\u0142a\u0144.<\/strong><\/em><\/span><\/p>\n<p style=\"text-align: center\"><span style=\"color: #000080;font-size: 14pt\"><em><strong>\u00a0<\/strong><\/em><\/span><\/p>\n<p style=\"text-align: right\"><span style=\"color: #000080;font-size: 14pt\"><em><strong>Z \u00a0wdzi\u0119czno\u015bci\u0105 i najlepszymi \u017cyczeniami. <\/strong><\/em><\/span><\/p>\n<p style=\"text-align: right\"><span style=\"color: #000080;font-size: 12pt\"><em><strong>Dyrektor plac\u00f3wki Lidia Walczak-I\u017cycka<\/strong><\/em><\/span><\/p>\n","protected":false},"excerpt":{"rendered":"<p>Drodzy Rodzice, Kochane Dzieci, Szanowni Pracownicy, z okazji nadchodz\u0105cych \u015awi\u0105t pragn\u0119 z\u0142o\u017cy\u0107 Wam serdeczne \u017cyczenia pe\u0142ne dobra, spokoju i \u015bwiat\u0142a.\u00a0 Niech anio\u0142y czuwaj\u0105 nad Wami ka\u017cdego dnia , nios\u0105c opiek\u0119 [&hellip;]<\/p>\n","protected":false},"author":115,"featured_media":13102,"comment_status":"closed","ping_status":"closed","sticky":false,"template":"","format":"standard","meta":{"ngg_post_thumbnail":0,"footnotes":""},"categories":[3],"tags":[],"class_list":["post-13111","post","type-post","status-publish","format-standard","has-post-thumbnail","hentry","category-aktualnosci","clearfix"],"_links":{"self":[{"href":"https:\/\/przedszkole18.edu.wroclaw.pl\/index.php\/wp-json\/wp\/v2\/posts\/13111","targetHints":{"allow":["GET"]}}],"collection":[{"href":"https:\/\/przedszkole18.edu.wroclaw.pl\/index.php\/wp-json\/wp\/v2\/posts"}],"about":[{"href":"https:\/\/przedszkole18.edu.wroclaw.pl\/index.php\/wp-json\/wp\/v2\/types\/post"}],"author":[{"embeddable":true,"href":"https:\/\/przedszkole18.edu.wroclaw.pl\/index.php\/wp-json\/wp\/v2\/users\/115"}],"replies":[{"embeddable":true,"href":"https:\/\/przedszkole18.edu.wroclaw.pl\/index.php\/wp-json\/wp\/v2\/comments?post=13111"}],"version-history":[{"count":1,"href":"https:\/\/przedszkole18.edu.wroclaw.pl\/index.php\/wp-json\/wp\/v2\/posts\/13111\/revisions"}],"predecessor-version":[{"id":13112,"href":"https:\/\/przedszkole18.edu.wroclaw.pl\/index.php\/wp-json\/wp\/v2\/posts\/13111\/revisions\/13112"}],"wp:featuredmedia":[{"embeddable":true,"href":"https:\/\/przedszkole18.edu.wroclaw.pl\/index.php\/wp-json\/wp\/v2\/media\/13102"}],"wp:attachment":[{"href":"https:\/\/przedszkole18.edu.wroclaw.pl\/index.php\/wp-json\/wp\/v2\/media?parent=13111"}],"wp:term":[{"taxonomy":"category","embeddable":true,"href":"https:\/\/przedszkole18.edu.wroclaw.pl\/index.php\/wp-json\/wp\/v2\/categories?post=13111"},{"taxonomy":"post_tag","embeddable":true,"href":"https:\/\/przedszkole18.edu.wroclaw.pl\/index.php\/wp-json\/wp\/v2\/tags?post=13111"}],"curies":[{"name":"wp","href":"https:\/\/api.w.org\/{rel}","templated":true}]}}