
{"id":13115,"date":"2025-12-23T15:47:45","date_gmt":"2025-12-23T14:47:45","guid":{"rendered":"https:\/\/przedszkole18.edu.wroclaw.pl\/?p=13115"},"modified":"2025-12-23T15:51:21","modified_gmt":"2025-12-23T14:51:21","slug":"informacja-14","status":"publish","type":"post","link":"https:\/\/przedszkole18.edu.wroclaw.pl\/index.php\/2025\/12\/23\/informacja-14\/","title":{"rendered":"Informacja"},"content":{"rendered":"<p><span style=\"font-size: 14pt;color: #333399\"><em><strong>Szanowni Pa\u0144stwo,<\/strong><\/em><\/span><\/p>\n<p><span style=\"font-size: 14pt;color: #333399\"><em><strong>zgodnie z naszymi przewidywaniami i Pa\u0144stwa deklaracjami, czas mi\u0119dzy\u015bwi\u0105teczny sp\u0119dzimy w grupach \u0142\u0105czonych. Ilo\u015b\u0107 dzieci w ca\u0142ej plac\u00f3wce nie przekracza 30 os\u00f3b. To te\u017c sta\u0142o si\u0119 dobrym momentem na wykorzystanie przez pracownik\u00f3w zaleg\u0142ych urlop\u00f3w. Dzi\u0119kuj\u0119 za umo\u017cliwieni mi podj\u0119cia takich decyzji.\u00a0<\/strong><\/em><\/span><\/p>\n<p><span style=\"font-size: 14pt;color: #333399\"><em><strong>31 grudnia i 2, 5\u00a0 stycznia,\u00a0 zdeklarowanych jest\u00a0 16 dzieci ,\u00a0 zatem czas sp\u0119dzimy w jednej \u0142\u0105czonej grupie.\u00a0 <\/strong><\/em><\/span><\/p>\n<p><span style=\"font-size: 14pt;color: #333399\"><em><strong>Jeszcze raz Szanowni Pa\u0144stwo,\u00a0 \u017cycz\u0119 zdrowia i rado\u015bci nie tylko w czas \u015bwi\u0105teczny,\u00a0 ale na co dzie\u0144. <\/strong><\/em><\/span><\/p>\n<p><span style=\"font-size: 14pt;color: #333399\"><em><strong>Pozdrawiam serdecznie z wyrazami szacunku <span style=\"color: #666699;font-size: 12pt\">dyrektor plac\u00f3wki Lidia Walczak &#8211; I\u017cycka\u00a0<\/span><\/strong><\/em><\/span><\/p>\n","protected":false},"excerpt":{"rendered":"<p>Szanowni Pa\u0144stwo, zgodnie z naszymi przewidywaniami i Pa\u0144stwa deklaracjami, czas mi\u0119dzy\u015bwi\u0105teczny sp\u0119dzimy w grupach \u0142\u0105czonych. Ilo\u015b\u0107 dzieci w ca\u0142ej plac\u00f3wce nie przekracza 30 os\u00f3b. To te\u017c sta\u0142o si\u0119 dobrym momentem [&hellip;]<\/p>\n","protected":false},"author":115,"featured_media":11726,"comment_status":"closed","ping_status":"closed","sticky":false,"template":"","format":"standard","meta":{"ngg_post_thumbnail":0,"footnotes":""},"categories":[3],"tags":[],"class_list":["post-13115","post","type-post","status-publish","format-standard","has-post-thumbnail","hentry","category-aktualnosci","clearfix"],"_links":{"self":[{"href":"https:\/\/przedszkole18.edu.wroclaw.pl\/index.php\/wp-json\/wp\/v2\/posts\/13115","targetHints":{"allow":["GET"]}}],"collection":[{"href":"https:\/\/przedszkole18.edu.wroclaw.pl\/index.php\/wp-json\/wp\/v2\/posts"}],"about":[{"href":"https:\/\/przedszkole18.edu.wroclaw.pl\/index.php\/wp-json\/wp\/v2\/types\/post"}],"author":[{"embeddable":true,"href":"https:\/\/przedszkole18.edu.wroclaw.pl\/index.php\/wp-json\/wp\/v2\/users\/115"}],"replies":[{"embeddable":true,"href":"https:\/\/przedszkole18.edu.wroclaw.pl\/index.php\/wp-json\/wp\/v2\/comments?post=13115"}],"version-history":[{"count":4,"href":"https:\/\/przedszkole18.edu.wroclaw.pl\/index.php\/wp-json\/wp\/v2\/posts\/13115\/revisions"}],"predecessor-version":[{"id":13119,"href":"https:\/\/przedszkole18.edu.wroclaw.pl\/index.php\/wp-json\/wp\/v2\/posts\/13115\/revisions\/13119"}],"wp:featuredmedia":[{"embeddable":true,"href":"https:\/\/przedszkole18.edu.wroclaw.pl\/index.php\/wp-json\/wp\/v2\/media\/11726"}],"wp:attachment":[{"href":"https:\/\/przedszkole18.edu.wroclaw.pl\/index.php\/wp-json\/wp\/v2\/media?parent=13115"}],"wp:term":[{"taxonomy":"category","embeddable":true,"href":"https:\/\/przedszkole18.edu.wroclaw.pl\/index.php\/wp-json\/wp\/v2\/categories?post=13115"},{"taxonomy":"post_tag","embeddable":true,"href":"https:\/\/przedszkole18.edu.wroclaw.pl\/index.php\/wp-json\/wp\/v2\/tags?post=13115"}],"curies":[{"name":"wp","href":"https:\/\/api.w.org\/{rel}","templated":true}]}}