
{"id":13144,"date":"2026-01-14T16:29:28","date_gmt":"2026-01-14T15:29:28","guid":{"rendered":"https:\/\/przedszkole18.edu.wroclaw.pl\/?p=13144"},"modified":"2026-01-14T16:29:28","modified_gmt":"2026-01-14T15:29:28","slug":"dzien-babci-i-dziadka","status":"publish","type":"post","link":"https:\/\/przedszkole18.edu.wroclaw.pl\/index.php\/2026\/01\/14\/dzien-babci-i-dziadka\/","title":{"rendered":"Dzie\u0144 Babci i Dziadka"},"content":{"rendered":"<p><span style=\"font-size: 14pt;color: #000080\"><strong><em>Szanowni Pa\u0144stwo!<\/em><\/strong><\/span><\/p>\n<p><span style=\"font-size: 14pt;color: #000080\"><strong><em>Zbli\u017ca si\u0119 czas \u015bwi\u0119towania dnia Babci i Dziadka, zapraszamy na uroczyste spotkania przygotowane na t\u0119 w\u0142a\u015bnie okazj\u0119.\u00a0<\/em><\/strong><\/span><\/p>\n<p><span style=\"font-size: 14pt;color: #000080\"><strong><em>W prezentowanych programach artystycznych, opr\u00f3cz\u00a0 zwyczajowych, serdecznych\u00a0 \u017cycze\u0144,\u00a0 nie zabraknie:\u00a0 wierszy, piosenek, ta\u0144ca oraz prezent\u00f3w przygotowanych przez dzieci.\u00a0\u00a0<\/em><\/strong><\/span><\/p>\n<p><span style=\"font-size: 14pt;color: #008000\"><strong><em>Terminy spotka\u0144:\u00a0<\/em><\/strong><\/span><\/p>\n<p><span style=\"font-size: 14pt;color: #800080\"><strong><em>Grupa I\u00a0 \u00a0 \u00a0 \u00a0 21 stycznia\/\u015broda\/ godzina 15.30<\/em><\/strong><\/span><\/p>\n<p><span style=\"font-size: 14pt;color: #800080\"><strong><em>Grupa II\u00a0 \u00a0 \u00a028 stycznia\/\u015broda\/ godzina 16.00<\/em><\/strong><\/span><\/p>\n<p><span style=\"font-size: 14pt;color: #800080\"><strong><em>Grupa III\u00a0 \u00a029 stycznia\/czwartek\/ godzina 15.30<\/em><\/strong><\/span><\/p>\n<p><span style=\"font-size: 14pt;color: #800080\"><strong><em>Grupa IV\u00a0 \u00a028 stycznia\/\u015broda\/ godzina 15.30<\/em><\/strong><\/span><\/p>\n<p><span style=\"font-size: 14pt;color: #000080\"><strong><em>Kochani je\u017celi, kt\u00f3re\u015b z dzieci ma swoich ukochanych dziadk\u00f3w daleko i nie b\u0119d\u0105\u00a0 obecni na przedstawieniu, to zapraszamy w zast\u0119pstwie rodzic\u00f3w, tak by ka\u017cde z dzieci mog\u0142o zaprezentowa\u0107\u00a0 si\u0119 swoim najbli\u017cszym. <\/em><\/strong><\/span><\/p>\n<p><span style=\"font-size: 14pt;color: #000080\"><strong><em>Pozdrawiamy i \u017cyczymy mi\u0142ych, ciep\u0142ych spotka\u0144.\u00a0 \u00a0\u00a0<\/em><\/strong><\/span><\/p>\n","protected":false},"excerpt":{"rendered":"<p>Szanowni Pa\u0144stwo! Zbli\u017ca si\u0119 czas \u015bwi\u0119towania dnia Babci i Dziadka, zapraszamy na uroczyste spotkania przygotowane na t\u0119 w\u0142a\u015bnie okazj\u0119.\u00a0 W prezentowanych programach artystycznych, opr\u00f3cz\u00a0 zwyczajowych, serdecznych\u00a0 \u017cycze\u0144,\u00a0 nie zabraknie:\u00a0 wierszy, [&hellip;]<\/p>\n","protected":false},"author":115,"featured_media":11294,"comment_status":"closed","ping_status":"closed","sticky":false,"template":"","format":"standard","meta":{"ngg_post_thumbnail":0,"footnotes":""},"categories":[3],"tags":[],"class_list":["post-13144","post","type-post","status-publish","format-standard","has-post-thumbnail","hentry","category-aktualnosci","clearfix"],"_links":{"self":[{"href":"https:\/\/przedszkole18.edu.wroclaw.pl\/index.php\/wp-json\/wp\/v2\/posts\/13144","targetHints":{"allow":["GET"]}}],"collection":[{"href":"https:\/\/przedszkole18.edu.wroclaw.pl\/index.php\/wp-json\/wp\/v2\/posts"}],"about":[{"href":"https:\/\/przedszkole18.edu.wroclaw.pl\/index.php\/wp-json\/wp\/v2\/types\/post"}],"author":[{"embeddable":true,"href":"https:\/\/przedszkole18.edu.wroclaw.pl\/index.php\/wp-json\/wp\/v2\/users\/115"}],"replies":[{"embeddable":true,"href":"https:\/\/przedszkole18.edu.wroclaw.pl\/index.php\/wp-json\/wp\/v2\/comments?post=13144"}],"version-history":[{"count":1,"href":"https:\/\/przedszkole18.edu.wroclaw.pl\/index.php\/wp-json\/wp\/v2\/posts\/13144\/revisions"}],"predecessor-version":[{"id":13145,"href":"https:\/\/przedszkole18.edu.wroclaw.pl\/index.php\/wp-json\/wp\/v2\/posts\/13144\/revisions\/13145"}],"wp:featuredmedia":[{"embeddable":true,"href":"https:\/\/przedszkole18.edu.wroclaw.pl\/index.php\/wp-json\/wp\/v2\/media\/11294"}],"wp:attachment":[{"href":"https:\/\/przedszkole18.edu.wroclaw.pl\/index.php\/wp-json\/wp\/v2\/media?parent=13144"}],"wp:term":[{"taxonomy":"category","embeddable":true,"href":"https:\/\/przedszkole18.edu.wroclaw.pl\/index.php\/wp-json\/wp\/v2\/categories?post=13144"},{"taxonomy":"post_tag","embeddable":true,"href":"https:\/\/przedszkole18.edu.wroclaw.pl\/index.php\/wp-json\/wp\/v2\/tags?post=13144"}],"curies":[{"name":"wp","href":"https:\/\/api.w.org\/{rel}","templated":true}]}}