
{"id":13147,"date":"2026-01-20T14:50:43","date_gmt":"2026-01-20T13:50:43","guid":{"rendered":"https:\/\/przedszkole18.edu.wroclaw.pl\/?p=13147"},"modified":"2026-01-20T14:55:09","modified_gmt":"2026-01-20T13:55:09","slug":"13147","status":"publish","type":"post","link":"https:\/\/przedszkole18.edu.wroclaw.pl\/index.php\/2026\/01\/20\/13147\/","title":{"rendered":"\u017byczenia!"},"content":{"rendered":"<p style=\"text-align: center\"><span style=\"font-size: 14pt;color: #000080\"><strong>Kochani Babciu i Dziadku ! <\/strong><\/span><\/p>\n<p style=\"text-align: center\"><span style=\"font-size: 14pt;color: #000080\"><strong>W imieniu naszych przedszkolak\u00f3w i pracownik\u00f3w, <\/strong><\/span><span style=\"font-size: 14pt;color: #000080\"><strong>\u00a0 \u017cyczymy Wam mn\u00f3stwo u\u015bmiechu, rado\u015bci\u00a0 i zdrowia.\u00a0 \u00a0\u00a0<\/strong><\/span><\/p>\n<p style=\"text-align: center\"><span style=\"font-size: 14pt;color: #000080\"><strong> Niech ka\u017cdy dzie\u0144 b\u0119dzie s\u0142odki jak Babcine ciasto i pe\u0142en przyg\u00f3d jak Dziadkowe opowie\u015bci.\u00a0<\/strong><\/span><\/p>\n<p>&nbsp;<\/p>\n<p style=\"text-align: center\"><strong><img loading=\"lazy\" decoding=\"async\" class=\"alignnone size-full wp-image-11291\" src=\"https:\/\/przedszkole18.edu.wroclaw.pl\/wp-content\/uploads\/sites\/36\/2024\/08\/10.jpeg\" alt=\"\" width=\"189\" height=\"267\" \/><img loading=\"lazy\" decoding=\"async\" class=\"alignnone size-full wp-image-11291\" src=\"https:\/\/przedszkole18.edu.wroclaw.pl\/wp-content\/uploads\/sites\/36\/2024\/08\/10.jpeg\" alt=\"\" width=\"189\" height=\"267\" \/><img loading=\"lazy\" decoding=\"async\" class=\"alignnone size-full wp-image-11291\" src=\"https:\/\/przedszkole18.edu.wroclaw.pl\/wp-content\/uploads\/sites\/36\/2024\/08\/10.jpeg\" alt=\"\" width=\"189\" height=\"267\" \/><\/strong><\/p>\n<p style=\"text-align: center\">\n","protected":false},"excerpt":{"rendered":"<p>Kochani Babciu i Dziadku ! W imieniu naszych przedszkolak\u00f3w i pracownik\u00f3w, \u00a0 \u017cyczymy Wam mn\u00f3stwo u\u015bmiechu, rado\u015bci\u00a0 i zdrowia.\u00a0 \u00a0\u00a0 Niech ka\u017cdy dzie\u0144 b\u0119dzie s\u0142odki jak Babcine ciasto i pe\u0142en [&hellip;]<\/p>\n","protected":false},"author":115,"featured_media":0,"comment_status":"closed","ping_status":"closed","sticky":false,"template":"","format":"standard","meta":{"ngg_post_thumbnail":0,"footnotes":""},"categories":[3],"tags":[],"class_list":["post-13147","post","type-post","status-publish","format-standard","hentry","category-aktualnosci","clearfix"],"_links":{"self":[{"href":"https:\/\/przedszkole18.edu.wroclaw.pl\/index.php\/wp-json\/wp\/v2\/posts\/13147","targetHints":{"allow":["GET"]}}],"collection":[{"href":"https:\/\/przedszkole18.edu.wroclaw.pl\/index.php\/wp-json\/wp\/v2\/posts"}],"about":[{"href":"https:\/\/przedszkole18.edu.wroclaw.pl\/index.php\/wp-json\/wp\/v2\/types\/post"}],"author":[{"embeddable":true,"href":"https:\/\/przedszkole18.edu.wroclaw.pl\/index.php\/wp-json\/wp\/v2\/users\/115"}],"replies":[{"embeddable":true,"href":"https:\/\/przedszkole18.edu.wroclaw.pl\/index.php\/wp-json\/wp\/v2\/comments?post=13147"}],"version-history":[{"count":5,"href":"https:\/\/przedszkole18.edu.wroclaw.pl\/index.php\/wp-json\/wp\/v2\/posts\/13147\/revisions"}],"predecessor-version":[{"id":13152,"href":"https:\/\/przedszkole18.edu.wroclaw.pl\/index.php\/wp-json\/wp\/v2\/posts\/13147\/revisions\/13152"}],"wp:attachment":[{"href":"https:\/\/przedszkole18.edu.wroclaw.pl\/index.php\/wp-json\/wp\/v2\/media?parent=13147"}],"wp:term":[{"taxonomy":"category","embeddable":true,"href":"https:\/\/przedszkole18.edu.wroclaw.pl\/index.php\/wp-json\/wp\/v2\/categories?post=13147"},{"taxonomy":"post_tag","embeddable":true,"href":"https:\/\/przedszkole18.edu.wroclaw.pl\/index.php\/wp-json\/wp\/v2\/tags?post=13147"}],"curies":[{"name":"wp","href":"https:\/\/api.w.org\/{rel}","templated":true}]}}