
{"id":13154,"date":"2026-01-23T14:33:15","date_gmt":"2026-01-23T13:33:15","guid":{"rendered":"https:\/\/przedszkole18.edu.wroclaw.pl\/?p=13154"},"modified":"2026-01-23T14:33:15","modified_gmt":"2026-01-23T13:33:15","slug":"wazne-41","status":"publish","type":"post","link":"https:\/\/przedszkole18.edu.wroclaw.pl\/index.php\/2026\/01\/23\/wazne-41\/","title":{"rendered":"Wa\u017cne!"},"content":{"rendered":"<p><span style=\"font-size: 14pt;color: #000080\"><em><strong>Szanowni Pa\u0144stwo!<\/strong><\/em><\/span><\/p>\n<p><span style=\"font-size: 14pt;color: #000080\"><em><strong>Weszli\u015bmy w okres wyst\u0119powania\u00a0 licznych chor\u00f3b, kt\u00f3re zg\u0142aszacie Pa\u0144stwo do plac\u00f3wki. Mamy informacj\u0119 o grypie, zapaleniu oskrzeli, szkarlatynie.\u00a0 Zgodnie z procedurami bezpiecze\u0144stwa obowi\u0105zuj\u0105cymi w plac\u00f3wce na bie\u017c\u0105co dezynfekowane s\u0105 pomieszczenia i zabawki we wszystkich grupach. <\/strong><\/em><\/span><\/p>\n<p><span style=\"font-size: 14pt;color: #000080\"><em><strong>Prosz\u0119 jednak o bardzo powa\u017cne potraktowanie\u00a0 naszej pro\u015bby o przyprowadzanie do przedszkola zdrowych dzieci z uwagi na innych wychowank\u00f3w i pracownik\u00f3w przedszkola. <\/strong><\/em><\/span><\/p>\n<p><span style=\"font-size: 14pt;color: #000080\"><em><strong>Dzi\u0119kuj\u0119 za zrozumienie i \u017cycz\u0119 zdrowia. <\/strong><span style=\"color: #333399\">Dyrektor plac\u00f3wki Lidia Walczak-I\u017cycka\u00a0<\/span><\/em><\/span><\/p>\n","protected":false},"excerpt":{"rendered":"<p>Szanowni Pa\u0144stwo! Weszli\u015bmy w okres wyst\u0119powania\u00a0 licznych chor\u00f3b, kt\u00f3re zg\u0142aszacie Pa\u0144stwo do plac\u00f3wki. Mamy informacj\u0119 o grypie, zapaleniu oskrzeli, szkarlatynie.\u00a0 Zgodnie z procedurami bezpiecze\u0144stwa obowi\u0105zuj\u0105cymi w plac\u00f3wce na bie\u017c\u0105co dezynfekowane [&hellip;]<\/p>\n","protected":false},"author":115,"featured_media":12556,"comment_status":"closed","ping_status":"closed","sticky":false,"template":"","format":"standard","meta":{"ngg_post_thumbnail":0,"footnotes":""},"categories":[3],"tags":[],"class_list":["post-13154","post","type-post","status-publish","format-standard","has-post-thumbnail","hentry","category-aktualnosci","clearfix"],"_links":{"self":[{"href":"https:\/\/przedszkole18.edu.wroclaw.pl\/index.php\/wp-json\/wp\/v2\/posts\/13154","targetHints":{"allow":["GET"]}}],"collection":[{"href":"https:\/\/przedszkole18.edu.wroclaw.pl\/index.php\/wp-json\/wp\/v2\/posts"}],"about":[{"href":"https:\/\/przedszkole18.edu.wroclaw.pl\/index.php\/wp-json\/wp\/v2\/types\/post"}],"author":[{"embeddable":true,"href":"https:\/\/przedszkole18.edu.wroclaw.pl\/index.php\/wp-json\/wp\/v2\/users\/115"}],"replies":[{"embeddable":true,"href":"https:\/\/przedszkole18.edu.wroclaw.pl\/index.php\/wp-json\/wp\/v2\/comments?post=13154"}],"version-history":[{"count":1,"href":"https:\/\/przedszkole18.edu.wroclaw.pl\/index.php\/wp-json\/wp\/v2\/posts\/13154\/revisions"}],"predecessor-version":[{"id":13155,"href":"https:\/\/przedszkole18.edu.wroclaw.pl\/index.php\/wp-json\/wp\/v2\/posts\/13154\/revisions\/13155"}],"wp:featuredmedia":[{"embeddable":true,"href":"https:\/\/przedszkole18.edu.wroclaw.pl\/index.php\/wp-json\/wp\/v2\/media\/12556"}],"wp:attachment":[{"href":"https:\/\/przedszkole18.edu.wroclaw.pl\/index.php\/wp-json\/wp\/v2\/media?parent=13154"}],"wp:term":[{"taxonomy":"category","embeddable":true,"href":"https:\/\/przedszkole18.edu.wroclaw.pl\/index.php\/wp-json\/wp\/v2\/categories?post=13154"},{"taxonomy":"post_tag","embeddable":true,"href":"https:\/\/przedszkole18.edu.wroclaw.pl\/index.php\/wp-json\/wp\/v2\/tags?post=13154"}],"curies":[{"name":"wp","href":"https:\/\/api.w.org\/{rel}","templated":true}]}}