
{"id":13162,"date":"2026-01-27T17:40:52","date_gmt":"2026-01-27T16:40:52","guid":{"rendered":"https:\/\/przedszkole18.edu.wroclaw.pl\/?p=13162"},"modified":"2026-01-27T17:40:52","modified_gmt":"2026-01-27T16:40:52","slug":"bal-karnawalowy-3","status":"publish","type":"post","link":"https:\/\/przedszkole18.edu.wroclaw.pl\/index.php\/2026\/01\/27\/bal-karnawalowy-3\/","title":{"rendered":"Bal Karnawa\u0142owy!"},"content":{"rendered":"<p><span style=\"font-size: 14pt;color: #000080\"><em><strong>Szanowni Pa\u0144stwo, kochane dzieci!<\/strong><\/em><\/span><\/p>\n<p><span style=\"font-size: 14pt;color: #000080\"><em><strong>Zgodnie z zamieszczonym na werandzie przedszkola plakatem, przypominamy \u017ce <span style=\"color: #800080\">30 stycznia \/pi\u0105tek\/<\/span> o godzinie <span style=\"color: #800080\">9.30<\/span> rozpoczynamy <span style=\"color: #800080\">Bal Karnawa\u0142owy .<\/span><\/strong><\/em><\/span><\/p>\n<p><span style=\"font-size: 14pt;color: #000080\"><em><strong> Biletem wst\u0119pu na nasze\u00a0 wydarzenie,\u00a0 jest przygotowany przez Pa\u0144stwa str\u00f3j. Bardzo prosimy o tak przemy\u015blane stroje, by dzieci czu\u0142y si\u0119 w nim wygodnie w trakcie trwania balu. <\/strong><\/em><\/span><\/p>\n<p><span style=\"font-size: 14pt;color: #000080\"><em><strong>Rekwizyty do\u0142\u0105czone do stroju b\u0119d\u0105 dodatkiem do zdj\u0119cia, kt\u00f3re wykona wybrany przez Rad\u0119 Rodzic\u00f3w fotograf.<\/strong><\/em><\/span><\/p>\n<p><span style=\"font-size: 14pt;color: #000080\"><em><strong> Zdj\u0119cia za zgod\u0105 i ch\u0119ci\u0105 dzieci i Pa\u0144stwa, wykupienie ich,\u00a0 jest jak zawsze dobrowolne.<\/strong><\/em><\/span><\/p>\n<p><img loading=\"lazy\" decoding=\"async\" class=\"alignnone size-medium wp-image-13161\" src=\"https:\/\/przedszkole18.edu.wroclaw.pl\/wp-content\/uploads\/sites\/36\/2026\/01\/Purple-Illustration-Playful-Carnival-Party-Poster-212x300.jpeg\" alt=\"\" width=\"212\" height=\"300\" srcset=\"https:\/\/przedszkole18.edu.wroclaw.pl\/wp-content\/uploads\/sites\/36\/2026\/01\/Purple-Illustration-Playful-Carnival-Party-Poster-212x300.jpeg 212w, https:\/\/przedszkole18.edu.wroclaw.pl\/wp-content\/uploads\/sites\/36\/2026\/01\/Purple-Illustration-Playful-Carnival-Party-Poster-724x1024.jpeg 724w, https:\/\/przedszkole18.edu.wroclaw.pl\/wp-content\/uploads\/sites\/36\/2026\/01\/Purple-Illustration-Playful-Carnival-Party-Poster-768x1086.jpeg 768w, https:\/\/przedszkole18.edu.wroclaw.pl\/wp-content\/uploads\/sites\/36\/2026\/01\/Purple-Illustration-Playful-Carnival-Party-Poster-1086x1536.jpeg 1086w, https:\/\/przedszkole18.edu.wroclaw.pl\/wp-content\/uploads\/sites\/36\/2026\/01\/Purple-Illustration-Playful-Carnival-Party-Poster-1448x2048.jpeg 1448w, https:\/\/przedszkole18.edu.wroclaw.pl\/wp-content\/uploads\/sites\/36\/2026\/01\/Purple-Illustration-Playful-Carnival-Party-Poster.jpeg 1587w\" sizes=\"auto, (max-width: 212px) 100vw, 212px\" \/><\/p>\n<p><span style=\"font-size: 14pt;color: #333399\"><em><strong>\u017byczymy udanej zabawy i ciekawych pomys\u0142\u00f3w. Do zobaczenia na balu.\u00a0<\/strong><\/em><\/span><\/p>\n","protected":false},"excerpt":{"rendered":"<p>Szanowni Pa\u0144stwo, kochane dzieci! Zgodnie z zamieszczonym na werandzie przedszkola plakatem, przypominamy \u017ce 30 stycznia \/pi\u0105tek\/ o godzinie 9.30 rozpoczynamy Bal Karnawa\u0142owy . Biletem wst\u0119pu na nasze\u00a0 wydarzenie,\u00a0 jest przygotowany [&hellip;]<\/p>\n","protected":false},"author":115,"featured_media":11289,"comment_status":"closed","ping_status":"closed","sticky":false,"template":"","format":"standard","meta":{"ngg_post_thumbnail":0,"footnotes":""},"categories":[3],"tags":[],"class_list":["post-13162","post","type-post","status-publish","format-standard","has-post-thumbnail","hentry","category-aktualnosci","clearfix"],"_links":{"self":[{"href":"https:\/\/przedszkole18.edu.wroclaw.pl\/index.php\/wp-json\/wp\/v2\/posts\/13162","targetHints":{"allow":["GET"]}}],"collection":[{"href":"https:\/\/przedszkole18.edu.wroclaw.pl\/index.php\/wp-json\/wp\/v2\/posts"}],"about":[{"href":"https:\/\/przedszkole18.edu.wroclaw.pl\/index.php\/wp-json\/wp\/v2\/types\/post"}],"author":[{"embeddable":true,"href":"https:\/\/przedszkole18.edu.wroclaw.pl\/index.php\/wp-json\/wp\/v2\/users\/115"}],"replies":[{"embeddable":true,"href":"https:\/\/przedszkole18.edu.wroclaw.pl\/index.php\/wp-json\/wp\/v2\/comments?post=13162"}],"version-history":[{"count":1,"href":"https:\/\/przedszkole18.edu.wroclaw.pl\/index.php\/wp-json\/wp\/v2\/posts\/13162\/revisions"}],"predecessor-version":[{"id":13163,"href":"https:\/\/przedszkole18.edu.wroclaw.pl\/index.php\/wp-json\/wp\/v2\/posts\/13162\/revisions\/13163"}],"wp:featuredmedia":[{"embeddable":true,"href":"https:\/\/przedszkole18.edu.wroclaw.pl\/index.php\/wp-json\/wp\/v2\/media\/11289"}],"wp:attachment":[{"href":"https:\/\/przedszkole18.edu.wroclaw.pl\/index.php\/wp-json\/wp\/v2\/media?parent=13162"}],"wp:term":[{"taxonomy":"category","embeddable":true,"href":"https:\/\/przedszkole18.edu.wroclaw.pl\/index.php\/wp-json\/wp\/v2\/categories?post=13162"},{"taxonomy":"post_tag","embeddable":true,"href":"https:\/\/przedszkole18.edu.wroclaw.pl\/index.php\/wp-json\/wp\/v2\/tags?post=13162"}],"curies":[{"name":"wp","href":"https:\/\/api.w.org\/{rel}","templated":true}]}}