
{"id":13214,"date":"2026-02-18T10:46:50","date_gmt":"2026-02-18T09:46:50","guid":{"rendered":"https:\/\/przedszkole18.edu.wroclaw.pl\/?p=13214"},"modified":"2026-02-18T10:48:05","modified_gmt":"2026-02-18T09:48:05","slug":"mini-ratownik","status":"publish","type":"post","link":"https:\/\/przedszkole18.edu.wroclaw.pl\/index.php\/2026\/02\/18\/mini-ratownik\/","title":{"rendered":"Mini Ratownik"},"content":{"rendered":"<p style=\"text-align: center\"><span style=\"color: #800080\"><em><span style=\"font-size: 14pt\"><strong>Zaj\u0119cia dla wszystkich grup\u00a0 26.02.2026 \/czwartek\/ godzina 9.00\u00a0\u00a0<\/strong><\/span><\/em><\/span><\/p>\n<p style=\"text-align: center\"><span style=\"color: #800080\"><em><span style=\"font-size: 14pt\">Zaj\u0119cia prowadz\u0105 ratownicy medyczni\u00a0 Stra\u017cy Miejskiej Wroc\u0142awia\u00a0<\/span><\/em><\/span><\/p>\n<p><span style=\"font-size: 14pt;color: #993366\"><em>Realizowany przez Stra\u017c Miejsk\u0105 program,\u00a0 ma na celu nauk\u0119 najm\u0142odszych zachowania w sytuacjach niebezpiecznych, przypomnienie\u00a0 numer\u00f3w alarmowych do poszczeg\u00f3lnych s\u0142u\u017cb oraz co najwa\u017cniejsze jak zachowa\u0107 si\u0119 gdy kto\u015b potrzebuje pomocy. Dzieci \u0107wicz\u0105 na specjalnym fantomie resuscytacj\u0119, mog\u0105 zapozna\u0107 si\u0119 z zasadami dzia\u0142ania defibrylatora AED i gdzie to urz\u0105dzenie jest dost\u0119pne w naszym przedszkolu.\u00a0<\/em><\/span><\/p>\n<p><span style=\"font-size: 14pt;color: #993366\"><em>\u00a0Umiej\u0119tno\u015b\u0107 udzielania pierwszej pomocy jest bardzo wa\u017cna i istotne jest, \u017ceby ju\u017c najm\u0142odsi nabywali praktycznych umiej\u0119tno\u015bci oraz oswajali si\u0119 z ide\u0105 pomagania. Przyk\u0142ad\u00f3w ratowania \u017cycia przez dzieci nie brakuje.<\/em><\/span><\/p>\n<p><span style=\"font-size: 14pt;color: #993366\"><em>Maluchy nie s\u0105 w stanie ucisn\u0105\u0107 fantoma, czy zrobi\u0107 w\u0142a\u015bciwego wdechu, warto jednak oswaja\u0107 je z tematem pierwszej pomocy, bo cz\u0119sto w\u0142a\u015bnie dzieci s\u0105 jedynymi osobami, kt\u00f3re mog\u0105 j\u0105 wezwa\u0107. Wa\u017cne jest, aby wiedzia\u0142y, \u017ce wypadek ka\u017cdemu mo\u017ce si\u0119 przydarzy\u0107 i co nale\u017cy wtedy zrobi\u0107 oraz co to jest pierwsza pomoc. Najlepsz\u0105 form\u0105 nauki s\u0105 zaj\u0119cia praktyczne, a dzieci znakomicie ucz\u0105 si\u0119 przez zabaw\u0119.\u00a0<\/em><\/span><\/p>\n","protected":false},"excerpt":{"rendered":"<p>Zaj\u0119cia dla wszystkich grup\u00a0 26.02.2026 \/czwartek\/ godzina 9.00\u00a0\u00a0 Zaj\u0119cia prowadz\u0105 ratownicy medyczni\u00a0 Stra\u017cy Miejskiej Wroc\u0142awia\u00a0 Realizowany przez Stra\u017c Miejsk\u0105 program,\u00a0 ma na celu nauk\u0119 najm\u0142odszych zachowania w sytuacjach niebezpiecznych, przypomnienie\u00a0 [&hellip;]<\/p>\n","protected":false},"author":115,"featured_media":13213,"comment_status":"closed","ping_status":"closed","sticky":false,"template":"","format":"standard","meta":{"ngg_post_thumbnail":0,"footnotes":""},"categories":[3],"tags":[],"class_list":["post-13214","post","type-post","status-publish","format-standard","has-post-thumbnail","hentry","category-aktualnosci","clearfix"],"_links":{"self":[{"href":"https:\/\/przedszkole18.edu.wroclaw.pl\/index.php\/wp-json\/wp\/v2\/posts\/13214","targetHints":{"allow":["GET"]}}],"collection":[{"href":"https:\/\/przedszkole18.edu.wroclaw.pl\/index.php\/wp-json\/wp\/v2\/posts"}],"about":[{"href":"https:\/\/przedszkole18.edu.wroclaw.pl\/index.php\/wp-json\/wp\/v2\/types\/post"}],"author":[{"embeddable":true,"href":"https:\/\/przedszkole18.edu.wroclaw.pl\/index.php\/wp-json\/wp\/v2\/users\/115"}],"replies":[{"embeddable":true,"href":"https:\/\/przedszkole18.edu.wroclaw.pl\/index.php\/wp-json\/wp\/v2\/comments?post=13214"}],"version-history":[{"count":2,"href":"https:\/\/przedszkole18.edu.wroclaw.pl\/index.php\/wp-json\/wp\/v2\/posts\/13214\/revisions"}],"predecessor-version":[{"id":13216,"href":"https:\/\/przedszkole18.edu.wroclaw.pl\/index.php\/wp-json\/wp\/v2\/posts\/13214\/revisions\/13216"}],"wp:featuredmedia":[{"embeddable":true,"href":"https:\/\/przedszkole18.edu.wroclaw.pl\/index.php\/wp-json\/wp\/v2\/media\/13213"}],"wp:attachment":[{"href":"https:\/\/przedszkole18.edu.wroclaw.pl\/index.php\/wp-json\/wp\/v2\/media?parent=13214"}],"wp:term":[{"taxonomy":"category","embeddable":true,"href":"https:\/\/przedszkole18.edu.wroclaw.pl\/index.php\/wp-json\/wp\/v2\/categories?post=13214"},{"taxonomy":"post_tag","embeddable":true,"href":"https:\/\/przedszkole18.edu.wroclaw.pl\/index.php\/wp-json\/wp\/v2\/tags?post=13214"}],"curies":[{"name":"wp","href":"https:\/\/api.w.org\/{rel}","templated":true}]}}