
{"id":13217,"date":"2026-02-18T11:08:30","date_gmt":"2026-02-18T10:08:30","guid":{"rendered":"https:\/\/przedszkole18.edu.wroclaw.pl\/?p=13217"},"modified":"2026-02-18T11:08:30","modified_gmt":"2026-02-18T10:08:30","slug":"ciekawe-warsztaty","status":"publish","type":"post","link":"https:\/\/przedszkole18.edu.wroclaw.pl\/index.php\/2026\/02\/18\/ciekawe-warsztaty\/","title":{"rendered":"Ciekawe warsztaty!"},"content":{"rendered":"<p style=\"text-align: center\"><span style=\"font-size: 14pt;color: #0000ff\"><em><strong>12 marca \/czwartek\/ zapraszamy wszystkie grupy na &#8222;Warsztaty Chemiczne&#8221;\u00a0 zaj\u0119cia\u00a0 prowadzone s\u0105\u00a0 osobno dla ka\u017cdej grupy wiekowej, dostosowane do ich mo\u017cliwo\u015bci wiekowych sprzyjaj\u0105ce tym samym\u00a0 zapewnieniu komfortu i bezpiecze\u0144stwa podczas spotkania.<\/strong><\/em><\/span><\/p>\n<p style=\"text-align: center\"><span style=\"font-size: 14pt;color: #0000ff\"><em><strong> Zaj\u0119cia w godzinach 9.30- 11.30 Op\u0142acone z Funduszy Rady Rodzic\u00f3w\u00a0 &#8211; bardzo dzi\u0119kujemy !\u00a0<\/strong><\/em><\/span><\/p>\n<p style=\"text-align: center\"><span style=\"font-size: 14pt;color: #0000ff\"><em><strong> Zapraszamy serdecznie,\u00a0 mamy nadziej\u0119 dobrze si\u0119 bawi\u0107.\u00a0\u00a0<\/strong><\/em><\/span><\/p>\n","protected":false},"excerpt":{"rendered":"<p>12 marca \/czwartek\/ zapraszamy wszystkie grupy na &#8222;Warsztaty Chemiczne&#8221;\u00a0 zaj\u0119cia\u00a0 prowadzone s\u0105\u00a0 osobno dla ka\u017cdej grupy wiekowej, dostosowane do ich mo\u017cliwo\u015bci wiekowych sprzyjaj\u0105ce tym samym\u00a0 zapewnieniu komfortu i bezpiecze\u0144stwa podczas [&hellip;]<\/p>\n","protected":false},"author":115,"featured_media":13212,"comment_status":"closed","ping_status":"closed","sticky":false,"template":"","format":"standard","meta":{"ngg_post_thumbnail":0,"footnotes":""},"categories":[3],"tags":[],"class_list":["post-13217","post","type-post","status-publish","format-standard","has-post-thumbnail","hentry","category-aktualnosci","clearfix"],"_links":{"self":[{"href":"https:\/\/przedszkole18.edu.wroclaw.pl\/index.php\/wp-json\/wp\/v2\/posts\/13217","targetHints":{"allow":["GET"]}}],"collection":[{"href":"https:\/\/przedszkole18.edu.wroclaw.pl\/index.php\/wp-json\/wp\/v2\/posts"}],"about":[{"href":"https:\/\/przedszkole18.edu.wroclaw.pl\/index.php\/wp-json\/wp\/v2\/types\/post"}],"author":[{"embeddable":true,"href":"https:\/\/przedszkole18.edu.wroclaw.pl\/index.php\/wp-json\/wp\/v2\/users\/115"}],"replies":[{"embeddable":true,"href":"https:\/\/przedszkole18.edu.wroclaw.pl\/index.php\/wp-json\/wp\/v2\/comments?post=13217"}],"version-history":[{"count":1,"href":"https:\/\/przedszkole18.edu.wroclaw.pl\/index.php\/wp-json\/wp\/v2\/posts\/13217\/revisions"}],"predecessor-version":[{"id":13218,"href":"https:\/\/przedszkole18.edu.wroclaw.pl\/index.php\/wp-json\/wp\/v2\/posts\/13217\/revisions\/13218"}],"wp:featuredmedia":[{"embeddable":true,"href":"https:\/\/przedszkole18.edu.wroclaw.pl\/index.php\/wp-json\/wp\/v2\/media\/13212"}],"wp:attachment":[{"href":"https:\/\/przedszkole18.edu.wroclaw.pl\/index.php\/wp-json\/wp\/v2\/media?parent=13217"}],"wp:term":[{"taxonomy":"category","embeddable":true,"href":"https:\/\/przedszkole18.edu.wroclaw.pl\/index.php\/wp-json\/wp\/v2\/categories?post=13217"},{"taxonomy":"post_tag","embeddable":true,"href":"https:\/\/przedszkole18.edu.wroclaw.pl\/index.php\/wp-json\/wp\/v2\/tags?post=13217"}],"curies":[{"name":"wp","href":"https:\/\/api.w.org\/{rel}","templated":true}]}}