
{"id":13219,"date":"2026-02-18T13:10:53","date_gmt":"2026-02-18T12:10:53","guid":{"rendered":"https:\/\/przedszkole18.edu.wroclaw.pl\/?p=13219"},"modified":"2026-02-18T13:12:26","modified_gmt":"2026-02-18T12:12:26","slug":"informacja-gr-3","status":"publish","type":"post","link":"https:\/\/przedszkole18.edu.wroclaw.pl\/index.php\/2026\/02\/18\/informacja-gr-3\/","title":{"rendered":"Informacja gr 3"},"content":{"rendered":"<p><span style=\"font-size: 18pt;color: #008000\"><em><strong>Szanowni Pa\u0144stwo!<\/strong><\/em><\/span><\/p>\n<p><span style=\"color: #333399\"><em><span style=\"font-size: 14pt\">W dniu 20 lutego\/pi\u0105tek\/\u00a0 <strong>grupa 3<\/strong> wychodzi na Koncert Muzyczny, przygotowany przez uczni\u00f3w Og\u00f3lnokszta\u0142c\u0105cej Szko\u0142y Muzycznej I i II stopnia im. Karola Szymanowskiego przy ul. Pi\u0142sudskiego\u00a0 we Wroc\u0142awiu.<\/span><\/em><\/span><\/p>\n<p><span style=\"color: #333399\"><em><span style=\"font-size: 14pt\">M\u0142odzi arty\u015bci,\u00a0 zaprezentuj\u0105 przed naszymi przedszkolakami utwory muzyczne, wykonywane na r\u00f3\u017cnych instrumentach, przybli\u017caj\u0105c ich brzmienie, budow\u0119 oraz spos\u00f3b wydobywania d\u017awi\u0119ku.<\/span><\/em><\/span><\/p>\n<p><span style=\"color: #333399\"><em><span style=\"font-size: 14pt\">Wydarzenie b\u0119dzie szczeg\u00f3lnie warto\u015bciowe dla dzieci, kt\u00f3re planuj\u0105 rozpocz\u0105\u0107 nauk\u0119 w szkole muzycznej lub ju\u017c rozwijaj\u0105 swoje umiej\u0119tno\u015bci gry na instrumentach, stanowi\u0105c inspiracj\u0119 i zach\u0119t\u0119 do dalszego muzycznego rozwoju.<\/span><\/em><\/span><\/p>\n<p><span style=\"color: #333399\"><em><span style=\"font-size: 14pt\">\u017byczymy wspania\u0142ych wra\u017ce\u0144<\/span><\/em><\/span><\/p>\n","protected":false},"excerpt":{"rendered":"<p>Szanowni Pa\u0144stwo! W dniu 20 lutego\/pi\u0105tek\/\u00a0 grupa 3 wychodzi na Koncert Muzyczny, przygotowany przez uczni\u00f3w Og\u00f3lnokszta\u0142c\u0105cej Szko\u0142y Muzycznej I i II stopnia im. Karola Szymanowskiego przy ul. Pi\u0142sudskiego\u00a0 we Wroc\u0142awiu. [&hellip;]<\/p>\n","protected":false},"author":115,"featured_media":927,"comment_status":"closed","ping_status":"closed","sticky":false,"template":"","format":"standard","meta":{"ngg_post_thumbnail":0,"footnotes":""},"categories":[3],"tags":[],"class_list":["post-13219","post","type-post","status-publish","format-standard","has-post-thumbnail","hentry","category-aktualnosci","clearfix"],"_links":{"self":[{"href":"https:\/\/przedszkole18.edu.wroclaw.pl\/index.php\/wp-json\/wp\/v2\/posts\/13219","targetHints":{"allow":["GET"]}}],"collection":[{"href":"https:\/\/przedszkole18.edu.wroclaw.pl\/index.php\/wp-json\/wp\/v2\/posts"}],"about":[{"href":"https:\/\/przedszkole18.edu.wroclaw.pl\/index.php\/wp-json\/wp\/v2\/types\/post"}],"author":[{"embeddable":true,"href":"https:\/\/przedszkole18.edu.wroclaw.pl\/index.php\/wp-json\/wp\/v2\/users\/115"}],"replies":[{"embeddable":true,"href":"https:\/\/przedszkole18.edu.wroclaw.pl\/index.php\/wp-json\/wp\/v2\/comments?post=13219"}],"version-history":[{"count":3,"href":"https:\/\/przedszkole18.edu.wroclaw.pl\/index.php\/wp-json\/wp\/v2\/posts\/13219\/revisions"}],"predecessor-version":[{"id":13222,"href":"https:\/\/przedszkole18.edu.wroclaw.pl\/index.php\/wp-json\/wp\/v2\/posts\/13219\/revisions\/13222"}],"wp:featuredmedia":[{"embeddable":true,"href":"https:\/\/przedszkole18.edu.wroclaw.pl\/index.php\/wp-json\/wp\/v2\/media\/927"}],"wp:attachment":[{"href":"https:\/\/przedszkole18.edu.wroclaw.pl\/index.php\/wp-json\/wp\/v2\/media?parent=13219"}],"wp:term":[{"taxonomy":"category","embeddable":true,"href":"https:\/\/przedszkole18.edu.wroclaw.pl\/index.php\/wp-json\/wp\/v2\/categories?post=13219"},{"taxonomy":"post_tag","embeddable":true,"href":"https:\/\/przedszkole18.edu.wroclaw.pl\/index.php\/wp-json\/wp\/v2\/tags?post=13219"}],"curies":[{"name":"wp","href":"https:\/\/api.w.org\/{rel}","templated":true}]}}