
{"id":13230,"date":"2026-02-18T21:42:23","date_gmt":"2026-02-18T20:42:23","guid":{"rendered":"https:\/\/przedszkole18.edu.wroclaw.pl\/?p=13230"},"modified":"2026-02-18T21:42:23","modified_gmt":"2026-02-18T20:42:23","slug":"koncert-zimowy-3","status":"publish","type":"post","link":"https:\/\/przedszkole18.edu.wroclaw.pl\/index.php\/2026\/02\/18\/koncert-zimowy-3\/","title":{"rendered":"&#8222;Koncert zimowy&#8221;"},"content":{"rendered":"<p style=\"text-align: center\"><span style=\"font-size: 14pt\">Serdecznie zapraszamy na &#8222;Koncert zimowy&#8221;, kt\u00f3ry odb\u0119dzie si\u0119 w <strong>poniedzia\u0142ek, 23.02.2026 r. <\/strong>w sali sportowej. Podczas koncertu zaprezentuj\u0105 si\u0119 m\u0142odzi Arty\u015bci &#8211; dzieci ucz\u0105ce si\u0119 gra\u0107 na instrumentach (pianino, skrzypce, flet) w naszym przedszkolu.<\/span><\/p>\n<p style=\"text-align: center\"><span style=\"font-size: 14pt\">Godziny koncertu:<\/span><\/p>\n<p style=\"text-align: center\"><span style=\"font-size: 14pt\"><strong>15.30 &#8211; grupa III<\/strong><\/span><\/p>\n<p style=\"text-align: center\"><span style=\"font-size: 14pt\"><strong>16.15 &#8211; grupa IV\u00a0<\/strong><\/span><\/p>\n<p>&nbsp;<\/p>\n<p style=\"text-align: center\"><span style=\"font-size: 14pt\"><strong>Zapraszamy!<\/strong><\/span><\/p>\n<p>&nbsp;<\/p>\n<p><img loading=\"lazy\" decoding=\"async\" class=\"aligncenter size-large wp-image-13231\" src=\"https:\/\/przedszkole18.edu.wroclaw.pl\/wp-content\/uploads\/sites\/36\/2026\/02\/Koncert-Zimowy-P18-2026-724x1024.jpg\" alt=\"\" width=\"724\" height=\"1024\" srcset=\"https:\/\/przedszkole18.edu.wroclaw.pl\/wp-content\/uploads\/sites\/36\/2026\/02\/Koncert-Zimowy-P18-2026-724x1024.jpg 724w, https:\/\/przedszkole18.edu.wroclaw.pl\/wp-content\/uploads\/sites\/36\/2026\/02\/Koncert-Zimowy-P18-2026-212x300.jpg 212w, https:\/\/przedszkole18.edu.wroclaw.pl\/wp-content\/uploads\/sites\/36\/2026\/02\/Koncert-Zimowy-P18-2026-768x1086.jpg 768w, https:\/\/przedszkole18.edu.wroclaw.pl\/wp-content\/uploads\/sites\/36\/2026\/02\/Koncert-Zimowy-P18-2026-1086x1536.jpg 1086w, https:\/\/przedszkole18.edu.wroclaw.pl\/wp-content\/uploads\/sites\/36\/2026\/02\/Koncert-Zimowy-P18-2026.jpg 1414w\" sizes=\"auto, (max-width: 724px) 100vw, 724px\" \/><\/p>\n","protected":false},"excerpt":{"rendered":"<p>Serdecznie zapraszamy na &#8222;Koncert zimowy&#8221;, kt\u00f3ry odb\u0119dzie si\u0119 w poniedzia\u0142ek, 23.02.2026 r. w sali sportowej. Podczas koncertu zaprezentuj\u0105 si\u0119 m\u0142odzi Arty\u015bci &#8211; dzieci ucz\u0105ce si\u0119 gra\u0107 na instrumentach (pianino, skrzypce, [&hellip;]<\/p>\n","protected":false},"author":105,"featured_media":2411,"comment_status":"closed","ping_status":"closed","sticky":false,"template":"","format":"standard","meta":{"ngg_post_thumbnail":0,"footnotes":""},"categories":[3],"tags":[],"class_list":["post-13230","post","type-post","status-publish","format-standard","has-post-thumbnail","hentry","category-aktualnosci","clearfix"],"_links":{"self":[{"href":"https:\/\/przedszkole18.edu.wroclaw.pl\/index.php\/wp-json\/wp\/v2\/posts\/13230","targetHints":{"allow":["GET"]}}],"collection":[{"href":"https:\/\/przedszkole18.edu.wroclaw.pl\/index.php\/wp-json\/wp\/v2\/posts"}],"about":[{"href":"https:\/\/przedszkole18.edu.wroclaw.pl\/index.php\/wp-json\/wp\/v2\/types\/post"}],"author":[{"embeddable":true,"href":"https:\/\/przedszkole18.edu.wroclaw.pl\/index.php\/wp-json\/wp\/v2\/users\/105"}],"replies":[{"embeddable":true,"href":"https:\/\/przedszkole18.edu.wroclaw.pl\/index.php\/wp-json\/wp\/v2\/comments?post=13230"}],"version-history":[{"count":1,"href":"https:\/\/przedszkole18.edu.wroclaw.pl\/index.php\/wp-json\/wp\/v2\/posts\/13230\/revisions"}],"predecessor-version":[{"id":13232,"href":"https:\/\/przedszkole18.edu.wroclaw.pl\/index.php\/wp-json\/wp\/v2\/posts\/13230\/revisions\/13232"}],"wp:featuredmedia":[{"embeddable":true,"href":"https:\/\/przedszkole18.edu.wroclaw.pl\/index.php\/wp-json\/wp\/v2\/media\/2411"}],"wp:attachment":[{"href":"https:\/\/przedszkole18.edu.wroclaw.pl\/index.php\/wp-json\/wp\/v2\/media?parent=13230"}],"wp:term":[{"taxonomy":"category","embeddable":true,"href":"https:\/\/przedszkole18.edu.wroclaw.pl\/index.php\/wp-json\/wp\/v2\/categories?post=13230"},{"taxonomy":"post_tag","embeddable":true,"href":"https:\/\/przedszkole18.edu.wroclaw.pl\/index.php\/wp-json\/wp\/v2\/tags?post=13230"}],"curies":[{"name":"wp","href":"https:\/\/api.w.org\/{rel}","templated":true}]}}