
{"id":13241,"date":"2026-02-20T13:15:48","date_gmt":"2026-02-20T12:15:48","guid":{"rendered":"https:\/\/przedszkole18.edu.wroclaw.pl\/?p=13241"},"modified":"2026-02-20T13:30:01","modified_gmt":"2026-02-20T12:30:01","slug":"13241","status":"publish","type":"post","link":"https:\/\/przedszkole18.edu.wroclaw.pl\/index.php\/2026\/02\/20\/13241\/","title":{"rendered":""},"content":{"rendered":"<p><span style=\"font-size: 14pt;color: #800080\"><em><strong>Szanowni Pa\u0144stwo,<\/strong><\/em><\/span><\/p>\n<p><span style=\"font-size: 14pt;color: #003366\"><em><strong>serdecznie zapraszamy do udzia\u0142u w cyklu bezp\u0142atnych spotka\u0144 online organizowanych przez Fundacj\u0119 \u201eWsp\u00f3lnie dla Sprawy\u201d w ramach projektu Zdalny Psycholog \u2013 Wellbefi, realizowanego w naszym przedszkolu.<\/strong><\/em><\/span><\/p>\n<p><span style=\"font-size: 14pt;color: #003366\"><em><strong>Dla rodzic\u00f3w i nauczycieli przygotowali\u015bmy dedykowane Live Sesje, podczas kt\u00f3rych poruszymy tematy zwi\u0105zane z emocjami najm\u0142odszych, wspieraniem rozwoju dziecka oraz budowaniem relacji opartych na zaufaniu i poczuciu bezpiecze\u0144stwa.<\/strong><\/em><\/span><\/p>\n<p><span style=\"font-size: 14pt;color: #003366\"><em><strong>Spotkania odbywa\u0107 si\u0119 b\u0119d\u0105 we wtorki o godzinie 17:00.<\/strong><\/em><\/span><\/p>\n<p><span style=\"font-size: 14pt;color: #003366\"><em><strong>Dodatkowo, od poniedzia\u0142ku do pi\u0105tku, zapraszamy dzieci do s\u0142uchania bajek terapeutycznych czytanych przez psycholog\u00f3w Wellbefi \u2013 to doskona\u0142a forma wsp\u00f3lnego sp\u0119dzania czasu, rozwijania wyobra\u017ani i nauki radzenia sobie z emocjami. Godzina 13.00 lub 19.00\u00a0<\/strong><\/em><\/span><\/p>\n<p><span style=\"font-size: 14pt;color: #003366\"><em><strong>Udzia\u0142 w spotkaniach i s\u0142uchowiskach jest bezp\u0142atny \u2013 wystarczy wej\u015b\u0107 na stron\u0119 internetow\u0105 przedszkola i klikn\u0105\u0107 w widget Wellbefi o godzinie rozpocz\u0119cia wydarzenia.<\/strong><\/em><\/span><\/p>\n<p><span style=\"font-size: 14pt;color: #003366\"><em><strong>Zach\u0119camy do wsp\u00f3lnego udzia\u0142u \u2013 to okazja, by w przyjazny i prosty spos\u00f3b wesprze\u0107 rozw\u00f3j emocjonalny najm\u0142odszych.<\/strong><\/em><\/span><\/p>\n<p>&nbsp;<\/p>\n","protected":false},"excerpt":{"rendered":"<p>Szanowni Pa\u0144stwo, serdecznie zapraszamy do udzia\u0142u w cyklu bezp\u0142atnych spotka\u0144 online organizowanych przez Fundacj\u0119 \u201eWsp\u00f3lnie dla Sprawy\u201d w ramach projektu Zdalny Psycholog \u2013 Wellbefi, realizowanego w naszym przedszkolu. Dla rodzic\u00f3w [&hellip;]<\/p>\n","protected":false},"author":115,"featured_media":13237,"comment_status":"closed","ping_status":"closed","sticky":false,"template":"","format":"standard","meta":{"ngg_post_thumbnail":0,"footnotes":""},"categories":[3],"tags":[],"class_list":["post-13241","post","type-post","status-publish","format-standard","has-post-thumbnail","hentry","category-aktualnosci","clearfix"],"_links":{"self":[{"href":"https:\/\/przedszkole18.edu.wroclaw.pl\/index.php\/wp-json\/wp\/v2\/posts\/13241","targetHints":{"allow":["GET"]}}],"collection":[{"href":"https:\/\/przedszkole18.edu.wroclaw.pl\/index.php\/wp-json\/wp\/v2\/posts"}],"about":[{"href":"https:\/\/przedszkole18.edu.wroclaw.pl\/index.php\/wp-json\/wp\/v2\/types\/post"}],"author":[{"embeddable":true,"href":"https:\/\/przedszkole18.edu.wroclaw.pl\/index.php\/wp-json\/wp\/v2\/users\/115"}],"replies":[{"embeddable":true,"href":"https:\/\/przedszkole18.edu.wroclaw.pl\/index.php\/wp-json\/wp\/v2\/comments?post=13241"}],"version-history":[{"count":2,"href":"https:\/\/przedszkole18.edu.wroclaw.pl\/index.php\/wp-json\/wp\/v2\/posts\/13241\/revisions"}],"predecessor-version":[{"id":13243,"href":"https:\/\/przedszkole18.edu.wroclaw.pl\/index.php\/wp-json\/wp\/v2\/posts\/13241\/revisions\/13243"}],"wp:featuredmedia":[{"embeddable":true,"href":"https:\/\/przedszkole18.edu.wroclaw.pl\/index.php\/wp-json\/wp\/v2\/media\/13237"}],"wp:attachment":[{"href":"https:\/\/przedszkole18.edu.wroclaw.pl\/index.php\/wp-json\/wp\/v2\/media?parent=13241"}],"wp:term":[{"taxonomy":"category","embeddable":true,"href":"https:\/\/przedszkole18.edu.wroclaw.pl\/index.php\/wp-json\/wp\/v2\/categories?post=13241"},{"taxonomy":"post_tag","embeddable":true,"href":"https:\/\/przedszkole18.edu.wroclaw.pl\/index.php\/wp-json\/wp\/v2\/tags?post=13241"}],"curies":[{"name":"wp","href":"https:\/\/api.w.org\/{rel}","templated":true}]}}