
{"id":13259,"date":"2026-02-27T10:27:31","date_gmt":"2026-02-27T09:27:31","guid":{"rendered":"https:\/\/przedszkole18.edu.wroclaw.pl\/?p=13259"},"modified":"2026-02-27T10:27:31","modified_gmt":"2026-02-27T09:27:31","slug":"zdalny-psycholog","status":"publish","type":"post","link":"https:\/\/przedszkole18.edu.wroclaw.pl\/index.php\/2026\/02\/27\/zdalny-psycholog\/","title":{"rendered":"Zdalny psycholog"},"content":{"rendered":"<p><span style=\"color: #000080\"><em>&#8222;Czy wiesz, jak powstaj\u0105 stereotypy p\u0142ci i w jaki spos\u00f3b cz\u0119sto nie\u015bwiadomie je budujemy i utrwalamy? Zapraszamy rodzic\u00f3w i wychowawc\u00f3w na Live Sesj\u0119 w ramach projektu Wellbef Zdalny Psycholog, podczas kt\u00f3rej porozmawiamy o stereotypizacji i wychowaniu bez narzucania roli wynikaj\u0105cej z p\u0142ci.<\/em><\/span><\/p>\n<p><span style=\"color: #000080\"><em>Data i temat spotkania:<\/em><\/span><\/p>\n<p><span style=\"color: #000080\"><strong><em>Wtorek, 03.03, godz. 17.00 &#8211; Wychowanie dziecka a p\u0142e\u0107 &#8211; jak wychowywa\u0107 bez utrwalania stereotyp\u00f3w<\/em><\/strong><\/span><\/p>\n<p><span style=\"color: #000080\"><em>Jak powstaj\u0105 stereotypy p\u0142ci. Jak j\u0119zyk, kt\u00f3rego u\u017cywamy wp\u0142ywa na postawy i przekonania dzieci w zakresie p\u0142ci. Sytuacje w domu i w\u015br\u00f3d r\u00f3wie\u015bnik\u00f3w, kt\u00f3re utrwalaj\u0105 podzia\u0142y mi\u0119dzy p\u0142ciami.<\/em><\/span><\/p>\n<p><span style=\"color: #000080\"><em>Zapraszamy tak\u017ce codziennie (pon.-pt.) o godz. 13.00 i o 19.00 do s\u0142uchania Bajek Terapeutycznych, kt\u00f3re w bezpieczny i zrozumia\u0142y dla dziecka spos\u00f3b poruszaj\u0105 tematy emocji, relacji, l\u0119k\u00f3w oraz codziennych wyzwa\u0144.<\/em><\/span><\/p>\n<p><span style=\"color: #000080\"><em>Jak do\u0142\u0105czy\u0107 do sesji lub pos\u0142ucha\u0107 bajki? Wystarczy o wskazanej godzinie klikn\u0105\u0107 wid\u017cet projektu Wellbefi Zdalny Psycholog na stronie internetowej przedszkola.<\/em><\/span><\/p>\n<p><span style=\"color: #000080\"><em>&#8212;&#8212;&#8212;&#8212;&#8212;&#8212;&#8212;&#8212;&#8212;&#8212;&#8212;&#8211;<\/em><\/span><\/p>\n<p><span style=\"color: #000080\"><em>Fundacja Wsp\u00f3lnie dla Sprawy realizuje projekt dla szk\u00f3\u0142 i przedszkoli Wellbefi Zdalny Psycholog, kt\u00f3ry umo\u017cliwia uczniom, rodzicom i nauczycielom dost\u0119p do bezp\u0142atnych konsultacji psychologicznych online oraz Live Sesji na tematy zwi\u0105zane z dobrostanem psychicznym.&#8221;<\/em><\/span><\/p>\n<div><span style=\"color: #000080\"><b>Ewa Wiedemann<\/b><\/span><\/div>\n<div id=\"x_Signature\">\n<p><span style=\"color: #000080\">Specjalista ds. komunikacji<\/span><\/p>\n<div><span style=\"color: #000080\"><u>ewa.wiedemann@fundacjawds.org\u00a0<\/u><\/span><\/div>\n<p><span style=\"color: #000080\">tel. +48 798 671 854<\/span><\/p>\n<\/div>\n<p>&nbsp;<\/p>\n<p>&nbsp;<\/p>\n<p>&nbsp;<\/p>\n<table width=\"320\">\n<tbody>\n<tr>\n<td><\/td>\n<\/tr>\n<\/tbody>\n<\/table>\n","protected":false},"excerpt":{"rendered":"<p>&#8222;Czy wiesz, jak powstaj\u0105 stereotypy p\u0142ci i w jaki spos\u00f3b cz\u0119sto nie\u015bwiadomie je budujemy i utrwalamy? Zapraszamy rodzic\u00f3w i wychowawc\u00f3w na Live Sesj\u0119 w ramach projektu Wellbef Zdalny Psycholog, podczas [&hellip;]<\/p>\n","protected":false},"author":115,"featured_media":13237,"comment_status":"closed","ping_status":"closed","sticky":false,"template":"","format":"standard","meta":{"ngg_post_thumbnail":0,"footnotes":""},"categories":[3],"tags":[],"class_list":["post-13259","post","type-post","status-publish","format-standard","has-post-thumbnail","hentry","category-aktualnosci","clearfix"],"_links":{"self":[{"href":"https:\/\/przedszkole18.edu.wroclaw.pl\/index.php\/wp-json\/wp\/v2\/posts\/13259","targetHints":{"allow":["GET"]}}],"collection":[{"href":"https:\/\/przedszkole18.edu.wroclaw.pl\/index.php\/wp-json\/wp\/v2\/posts"}],"about":[{"href":"https:\/\/przedszkole18.edu.wroclaw.pl\/index.php\/wp-json\/wp\/v2\/types\/post"}],"author":[{"embeddable":true,"href":"https:\/\/przedszkole18.edu.wroclaw.pl\/index.php\/wp-json\/wp\/v2\/users\/115"}],"replies":[{"embeddable":true,"href":"https:\/\/przedszkole18.edu.wroclaw.pl\/index.php\/wp-json\/wp\/v2\/comments?post=13259"}],"version-history":[{"count":1,"href":"https:\/\/przedszkole18.edu.wroclaw.pl\/index.php\/wp-json\/wp\/v2\/posts\/13259\/revisions"}],"predecessor-version":[{"id":13260,"href":"https:\/\/przedszkole18.edu.wroclaw.pl\/index.php\/wp-json\/wp\/v2\/posts\/13259\/revisions\/13260"}],"wp:featuredmedia":[{"embeddable":true,"href":"https:\/\/przedszkole18.edu.wroclaw.pl\/index.php\/wp-json\/wp\/v2\/media\/13237"}],"wp:attachment":[{"href":"https:\/\/przedszkole18.edu.wroclaw.pl\/index.php\/wp-json\/wp\/v2\/media?parent=13259"}],"wp:term":[{"taxonomy":"category","embeddable":true,"href":"https:\/\/przedszkole18.edu.wroclaw.pl\/index.php\/wp-json\/wp\/v2\/categories?post=13259"},{"taxonomy":"post_tag","embeddable":true,"href":"https:\/\/przedszkole18.edu.wroclaw.pl\/index.php\/wp-json\/wp\/v2\/tags?post=13259"}],"curies":[{"name":"wp","href":"https:\/\/api.w.org\/{rel}","templated":true}]}}