
{"id":13262,"date":"2026-02-28T09:53:24","date_gmt":"2026-02-28T08:53:24","guid":{"rendered":"https:\/\/przedszkole18.edu.wroclaw.pl\/?p=13262"},"modified":"2026-02-28T09:53:24","modified_gmt":"2026-02-28T08:53:24","slug":"dzien-otwarty-2","status":"publish","type":"post","link":"https:\/\/przedszkole18.edu.wroclaw.pl\/index.php\/2026\/02\/28\/dzien-otwarty-2\/","title":{"rendered":"Dzie\u0144 otwarty"},"content":{"rendered":"<p><strong><span style=\"font-size: 14pt;color: #000080\"><em>Zapraszamy\u00a0 wszystkich zainteresowanych rodzic\u00f3w wraz z przysz\u0142ymi przedszkolakami na dzie\u0144 otwarty.<\/em><\/span><\/strong><\/p>\n<p><strong><span style=\"font-size: 14pt;color: #000080\"><em>5 marca w godzinach 17.15- 18.30<\/em><\/span><\/strong><\/p>\n<p><strong><span style=\"font-size: 14pt;color: #000080\"><em> W zaplanowanym czasie dla Pa\u0144stwa,\u00a0 przybli\u017cymy\u00a0 zasady rekrutacji, opowiemy o\u00a0 plac\u00f3wce, a dzieci b\u0119d\u0105 mia\u0142y okazj\u0119 na chwil\u0119 zabawy pod opiek\u0105 nauczycieli. <\/em><\/span><\/strong><\/p>\n<p><strong><span style=\"font-size: 14pt;color: #000080\"><em>Prosz\u0119 o zapewnienie ma\u0142ym uczestnikom obuwia zmiennego.\u00a0 \u00a0Do zobaczenia.\u00a0 <\/em><\/span><\/strong><span style=\"font-size: 14pt;color: #333399\"><em>Dyrektor plac\u00f3wki Lidia Walczak-I\u017cycka\u00a0\u00a0<\/em><\/span><\/p>\n<p><strong><span style=\"font-size: 14pt;color: #000080\"><em>\u00a0<\/em><\/span><\/strong><\/p>\n","protected":false},"excerpt":{"rendered":"<p>Zapraszamy\u00a0 wszystkich zainteresowanych rodzic\u00f3w wraz z przysz\u0142ymi przedszkolakami na dzie\u0144 otwarty. 5 marca w godzinach 17.15- 18.30 W zaplanowanym czasie dla Pa\u0144stwa,\u00a0 przybli\u017cymy\u00a0 zasady rekrutacji, opowiemy o\u00a0 plac\u00f3wce, a dzieci [&hellip;]<\/p>\n","protected":false},"author":115,"featured_media":11294,"comment_status":"closed","ping_status":"closed","sticky":false,"template":"","format":"standard","meta":{"ngg_post_thumbnail":0,"footnotes":""},"categories":[3],"tags":[],"class_list":["post-13262","post","type-post","status-publish","format-standard","has-post-thumbnail","hentry","category-aktualnosci","clearfix"],"_links":{"self":[{"href":"https:\/\/przedszkole18.edu.wroclaw.pl\/index.php\/wp-json\/wp\/v2\/posts\/13262","targetHints":{"allow":["GET"]}}],"collection":[{"href":"https:\/\/przedszkole18.edu.wroclaw.pl\/index.php\/wp-json\/wp\/v2\/posts"}],"about":[{"href":"https:\/\/przedszkole18.edu.wroclaw.pl\/index.php\/wp-json\/wp\/v2\/types\/post"}],"author":[{"embeddable":true,"href":"https:\/\/przedszkole18.edu.wroclaw.pl\/index.php\/wp-json\/wp\/v2\/users\/115"}],"replies":[{"embeddable":true,"href":"https:\/\/przedszkole18.edu.wroclaw.pl\/index.php\/wp-json\/wp\/v2\/comments?post=13262"}],"version-history":[{"count":1,"href":"https:\/\/przedszkole18.edu.wroclaw.pl\/index.php\/wp-json\/wp\/v2\/posts\/13262\/revisions"}],"predecessor-version":[{"id":13263,"href":"https:\/\/przedszkole18.edu.wroclaw.pl\/index.php\/wp-json\/wp\/v2\/posts\/13262\/revisions\/13263"}],"wp:featuredmedia":[{"embeddable":true,"href":"https:\/\/przedszkole18.edu.wroclaw.pl\/index.php\/wp-json\/wp\/v2\/media\/11294"}],"wp:attachment":[{"href":"https:\/\/przedszkole18.edu.wroclaw.pl\/index.php\/wp-json\/wp\/v2\/media?parent=13262"}],"wp:term":[{"taxonomy":"category","embeddable":true,"href":"https:\/\/przedszkole18.edu.wroclaw.pl\/index.php\/wp-json\/wp\/v2\/categories?post=13262"},{"taxonomy":"post_tag","embeddable":true,"href":"https:\/\/przedszkole18.edu.wroclaw.pl\/index.php\/wp-json\/wp\/v2\/tags?post=13262"}],"curies":[{"name":"wp","href":"https:\/\/api.w.org\/{rel}","templated":true}]}}