
{"id":13286,"date":"2026-03-06T12:55:43","date_gmt":"2026-03-06T11:55:43","guid":{"rendered":"https:\/\/przedszkole18.edu.wroclaw.pl\/?p=13286"},"modified":"2026-03-06T12:55:43","modified_gmt":"2026-03-06T11:55:43","slug":"wazne-42","status":"publish","type":"post","link":"https:\/\/przedszkole18.edu.wroclaw.pl\/index.php\/2026\/03\/06\/wazne-42\/","title":{"rendered":"Wa\u017cne"},"content":{"rendered":"<p><span style=\"font-size: 14pt;color: #000080\"><em><strong>Drodzy Pa\u0144stwo,\u00a0 zgodnie z informacj\u0105 zamieszczon\u0105 w holu przedszkola, przypominam o konieczno\u015bci z\u0142o\u017cenia deklaracji o kontynuacji korzystania z przedszkola w kolejnym roku szkolnym 2026\/2027 . <\/strong><\/em><\/span><\/p>\n<p><span style=\"font-size: 14pt;color: #000080\"><em><strong>Brak takiej deklaracji,\u00a0 jest dla nas jednoznaczny z rezygnacj\u0105 z us\u0142ug przedszkola dla Waszego dziecka. <\/strong><\/em><\/span><\/p>\n<p><span style=\"font-size: 14pt;color: #000080\"><em><strong>Na brakuj\u0105ce deklaracje czekamy zgodnie z procedurami obowi\u0105zuj\u0105cymi z rekrutacj\u0105 na nowy rok szkolny,\u00a0 do 11.03.2026r. do godziny 12.00\u00a0<\/strong><\/em><\/span><\/p>\n<p><span style=\"color: #333399\"><em><strong>Pozdrawiam i \u017cycz\u0119 zdrowia<\/strong>.\u00a0 W imieniu komisji rekrutacyjnej plac\u00f3wki Lidia Walczak-I\u017cycka\u00a0<\/em><\/span><\/p>\n","protected":false},"excerpt":{"rendered":"<p>Drodzy Pa\u0144stwo,\u00a0 zgodnie z informacj\u0105 zamieszczon\u0105 w holu przedszkola, przypominam o konieczno\u015bci z\u0142o\u017cenia deklaracji o kontynuacji korzystania z przedszkola w kolejnym roku szkolnym 2026\/2027 . Brak takiej deklaracji,\u00a0 jest dla [&hellip;]<\/p>\n","protected":false},"author":115,"featured_media":12556,"comment_status":"closed","ping_status":"closed","sticky":false,"template":"","format":"standard","meta":{"ngg_post_thumbnail":0,"footnotes":""},"categories":[3],"tags":[],"class_list":["post-13286","post","type-post","status-publish","format-standard","has-post-thumbnail","hentry","category-aktualnosci","clearfix"],"_links":{"self":[{"href":"https:\/\/przedszkole18.edu.wroclaw.pl\/index.php\/wp-json\/wp\/v2\/posts\/13286","targetHints":{"allow":["GET"]}}],"collection":[{"href":"https:\/\/przedszkole18.edu.wroclaw.pl\/index.php\/wp-json\/wp\/v2\/posts"}],"about":[{"href":"https:\/\/przedszkole18.edu.wroclaw.pl\/index.php\/wp-json\/wp\/v2\/types\/post"}],"author":[{"embeddable":true,"href":"https:\/\/przedszkole18.edu.wroclaw.pl\/index.php\/wp-json\/wp\/v2\/users\/115"}],"replies":[{"embeddable":true,"href":"https:\/\/przedszkole18.edu.wroclaw.pl\/index.php\/wp-json\/wp\/v2\/comments?post=13286"}],"version-history":[{"count":1,"href":"https:\/\/przedszkole18.edu.wroclaw.pl\/index.php\/wp-json\/wp\/v2\/posts\/13286\/revisions"}],"predecessor-version":[{"id":13287,"href":"https:\/\/przedszkole18.edu.wroclaw.pl\/index.php\/wp-json\/wp\/v2\/posts\/13286\/revisions\/13287"}],"wp:featuredmedia":[{"embeddable":true,"href":"https:\/\/przedszkole18.edu.wroclaw.pl\/index.php\/wp-json\/wp\/v2\/media\/12556"}],"wp:attachment":[{"href":"https:\/\/przedszkole18.edu.wroclaw.pl\/index.php\/wp-json\/wp\/v2\/media?parent=13286"}],"wp:term":[{"taxonomy":"category","embeddable":true,"href":"https:\/\/przedszkole18.edu.wroclaw.pl\/index.php\/wp-json\/wp\/v2\/categories?post=13286"},{"taxonomy":"post_tag","embeddable":true,"href":"https:\/\/przedszkole18.edu.wroclaw.pl\/index.php\/wp-json\/wp\/v2\/tags?post=13286"}],"curies":[{"name":"wp","href":"https:\/\/api.w.org\/{rel}","templated":true}]}}