
{"id":13289,"date":"2026-03-06T14:17:34","date_gmt":"2026-03-06T13:17:34","guid":{"rendered":"https:\/\/przedszkole18.edu.wroclaw.pl\/?p=13289"},"modified":"2026-03-06T14:20:05","modified_gmt":"2026-03-06T13:20:05","slug":"swiateczna-sesja-zdjeciowa","status":"publish","type":"post","link":"https:\/\/przedszkole18.edu.wroclaw.pl\/index.php\/2026\/03\/06\/swiateczna-sesja-zdjeciowa\/","title":{"rendered":"Wiosenna sesja zdj\u0119ciowa."},"content":{"rendered":"<p><span style=\"color: #008000\"><em><strong>Jak zawsze,\u00a0 zapraszamy wszystkich ch\u0119tnych na Wiosenn\u0105\u00a0 sesj\u0119 zdj\u0119ciow\u0105, spotykamy si\u0119 13 marca w pi\u0105tek start,\u00a0 godzina 9.15.\u00a0\u00a0<\/strong><\/em><\/span><\/p>\n<p><span style=\"color: #008000\"><em><strong>\u017byczymy udanego,\u00a0 s\u0142onecznego wypoczynku z rodzin\u0105. Pozdrawiamy serdecznie.\u00a0\u00a0<\/strong><\/em><\/span><\/p>\n","protected":false},"excerpt":{"rendered":"<p>Jak zawsze,\u00a0 zapraszamy wszystkich ch\u0119tnych na Wiosenn\u0105\u00a0 sesj\u0119 zdj\u0119ciow\u0105, spotykamy si\u0119 13 marca w pi\u0105tek start,\u00a0 godzina 9.15.\u00a0\u00a0 \u017byczymy udanego,\u00a0 s\u0142onecznego wypoczynku z rodzin\u0105. Pozdrawiamy serdecznie.\u00a0\u00a0<\/p>\n","protected":false},"author":115,"featured_media":13288,"comment_status":"closed","ping_status":"closed","sticky":false,"template":"","format":"standard","meta":{"ngg_post_thumbnail":0,"footnotes":""},"categories":[3],"tags":[],"class_list":["post-13289","post","type-post","status-publish","format-standard","has-post-thumbnail","hentry","category-aktualnosci","clearfix"],"_links":{"self":[{"href":"https:\/\/przedszkole18.edu.wroclaw.pl\/index.php\/wp-json\/wp\/v2\/posts\/13289","targetHints":{"allow":["GET"]}}],"collection":[{"href":"https:\/\/przedszkole18.edu.wroclaw.pl\/index.php\/wp-json\/wp\/v2\/posts"}],"about":[{"href":"https:\/\/przedszkole18.edu.wroclaw.pl\/index.php\/wp-json\/wp\/v2\/types\/post"}],"author":[{"embeddable":true,"href":"https:\/\/przedszkole18.edu.wroclaw.pl\/index.php\/wp-json\/wp\/v2\/users\/115"}],"replies":[{"embeddable":true,"href":"https:\/\/przedszkole18.edu.wroclaw.pl\/index.php\/wp-json\/wp\/v2\/comments?post=13289"}],"version-history":[{"count":3,"href":"https:\/\/przedszkole18.edu.wroclaw.pl\/index.php\/wp-json\/wp\/v2\/posts\/13289\/revisions"}],"predecessor-version":[{"id":13292,"href":"https:\/\/przedszkole18.edu.wroclaw.pl\/index.php\/wp-json\/wp\/v2\/posts\/13289\/revisions\/13292"}],"wp:featuredmedia":[{"embeddable":true,"href":"https:\/\/przedszkole18.edu.wroclaw.pl\/index.php\/wp-json\/wp\/v2\/media\/13288"}],"wp:attachment":[{"href":"https:\/\/przedszkole18.edu.wroclaw.pl\/index.php\/wp-json\/wp\/v2\/media?parent=13289"}],"wp:term":[{"taxonomy":"category","embeddable":true,"href":"https:\/\/przedszkole18.edu.wroclaw.pl\/index.php\/wp-json\/wp\/v2\/categories?post=13289"},{"taxonomy":"post_tag","embeddable":true,"href":"https:\/\/przedszkole18.edu.wroclaw.pl\/index.php\/wp-json\/wp\/v2\/tags?post=13289"}],"curies":[{"name":"wp","href":"https:\/\/api.w.org\/{rel}","templated":true}]}}