
{"id":13338,"date":"2026-03-19T15:52:59","date_gmt":"2026-03-19T14:52:59","guid":{"rendered":"https:\/\/przedszkole18.edu.wroclaw.pl\/?p=13338"},"modified":"2026-03-19T15:52:59","modified_gmt":"2026-03-19T14:52:59","slug":"astronomiczna-wiosna-2026","status":"publish","type":"post","link":"https:\/\/przedszkole18.edu.wroclaw.pl\/index.php\/2026\/03\/19\/astronomiczna-wiosna-2026\/","title":{"rendered":"Astronomiczna Wiosna 2026"},"content":{"rendered":"<p><span style=\"font-size: 14pt;color: #008000\"><em><strong>Pierwszy dzie\u0144 tej pory roku nazywamy r\u00f3wnonoc\u0105 wiosenn\u0105, poniewa\u017c dzie\u0144 i noc trwaj\u0105 wtedy niemal tyle samo. <\/strong><\/em><\/span><span style=\"font-size: 14pt;color: #008000\"><em><strong>W 2026 roku zjawisko to przypada w pi\u0105tek, 20 marca.<\/strong><\/em><\/span><\/p>\n<p><span style=\"font-size: 14pt;color: #008000\"><em><strong> Jak zawsze w &#8222;Wiolinku&#8221;,\u00a0 \u00a0to du\u017co zabaw w przedszkolnym ogrodzie. Kolorowy korow\u00f3d\u00a0 z\u00a0 instrumentami, \u015bpiewem i Marzann\u0105, kt\u00f3r\u0105 \u017cegnamy czas zimy. <\/strong><\/em><\/span><span style=\"font-size: 14pt;color: #008000\"><em><strong>Wiosn\u0119 powitamy kwiecistym gaikiem i pi\u0119knymi postaciami Pani Wiosny, przygotowanymi przez nasze przedszkolaki. <\/strong><\/em><\/span><\/p>\n<p><span style=\"font-size: 14pt;color: #008000\"><em><strong>Mamy nadziej\u0119, \u017ce dopisze nam jutro wiosenna aura. Nasze krzewy forsycji ju\u017c kwitn\u0105 , mamy te\u017c zaprzyja\u017anionego bociana, poszukamy go jutro w ogrodzie.\u00a0Astronomiczn\u0105 wiosn\u0105 b\u0119dziemy si\u0119 cieszy\u0107 wsp\u00f3lnie z Wami do 21 czerwca.\u00a0<\/strong><\/em><\/span><\/p>\n","protected":false},"excerpt":{"rendered":"<p>Pierwszy dzie\u0144 tej pory roku nazywamy r\u00f3wnonoc\u0105 wiosenn\u0105, poniewa\u017c dzie\u0144 i noc trwaj\u0105 wtedy niemal tyle samo. W 2026 roku zjawisko to przypada w pi\u0105tek, 20 marca. Jak zawsze w [&hellip;]<\/p>\n","protected":false},"author":115,"featured_media":12268,"comment_status":"closed","ping_status":"closed","sticky":false,"template":"","format":"standard","meta":{"ngg_post_thumbnail":0,"footnotes":""},"categories":[3],"tags":[],"class_list":["post-13338","post","type-post","status-publish","format-standard","has-post-thumbnail","hentry","category-aktualnosci","clearfix"],"_links":{"self":[{"href":"https:\/\/przedszkole18.edu.wroclaw.pl\/index.php\/wp-json\/wp\/v2\/posts\/13338","targetHints":{"allow":["GET"]}}],"collection":[{"href":"https:\/\/przedszkole18.edu.wroclaw.pl\/index.php\/wp-json\/wp\/v2\/posts"}],"about":[{"href":"https:\/\/przedszkole18.edu.wroclaw.pl\/index.php\/wp-json\/wp\/v2\/types\/post"}],"author":[{"embeddable":true,"href":"https:\/\/przedszkole18.edu.wroclaw.pl\/index.php\/wp-json\/wp\/v2\/users\/115"}],"replies":[{"embeddable":true,"href":"https:\/\/przedszkole18.edu.wroclaw.pl\/index.php\/wp-json\/wp\/v2\/comments?post=13338"}],"version-history":[{"count":1,"href":"https:\/\/przedszkole18.edu.wroclaw.pl\/index.php\/wp-json\/wp\/v2\/posts\/13338\/revisions"}],"predecessor-version":[{"id":13339,"href":"https:\/\/przedszkole18.edu.wroclaw.pl\/index.php\/wp-json\/wp\/v2\/posts\/13338\/revisions\/13339"}],"wp:featuredmedia":[{"embeddable":true,"href":"https:\/\/przedszkole18.edu.wroclaw.pl\/index.php\/wp-json\/wp\/v2\/media\/12268"}],"wp:attachment":[{"href":"https:\/\/przedszkole18.edu.wroclaw.pl\/index.php\/wp-json\/wp\/v2\/media?parent=13338"}],"wp:term":[{"taxonomy":"category","embeddable":true,"href":"https:\/\/przedszkole18.edu.wroclaw.pl\/index.php\/wp-json\/wp\/v2\/categories?post=13338"},{"taxonomy":"post_tag","embeddable":true,"href":"https:\/\/przedszkole18.edu.wroclaw.pl\/index.php\/wp-json\/wp\/v2\/tags?post=13338"}],"curies":[{"name":"wp","href":"https:\/\/api.w.org\/{rel}","templated":true}]}}