
{"id":13377,"date":"2026-03-28T11:17:21","date_gmt":"2026-03-28T10:17:21","guid":{"rendered":"https:\/\/przedszkole18.edu.wroclaw.pl\/?p=13377"},"modified":"2026-03-28T11:17:21","modified_gmt":"2026-03-28T10:17:21","slug":"13377","status":"publish","type":"post","link":"https:\/\/przedszkole18.edu.wroclaw.pl\/index.php\/2026\/03\/28\/13377\/","title":{"rendered":""},"content":{"rendered":"<div class=\"x_elementToProof\"><span style=\"font-size: 14pt;color: #000080\"><em>Szanowni Pa\u0144stwo,<\/em><\/span><\/div>\n<div class=\"x_elementToProof\"><span style=\"font-size: 14pt;color: #000080\"><em>we wtorek odb\u0119dzie si\u0119 kolejne spotkanie w ramach projektu Wellbefi dla rodzic\u00f3w przedszkolak\u00f3w oraz wychowawc\u00f3w. Porozmawiamy o tym, co jest norm\u0105 a co powinno by\u0107 sygna\u0142em ostrzegawczym w rozwoju dziecka.<\/em><\/span><\/div>\n<div class=\"x_elementToProof\"><span style=\"font-size: 14pt;color: #000080\"><em>Poni\u017cej informacja na temat Live Sesji, kt\u00f3r\u0105 mog\u0105 Pa\u0144stwo wykorzysta\u0107 do poinformowania rodzic\u00f3w i wychowawc\u00f3w. W \u015brod\u0119 odb\u0119dzie si\u0119 tak\u017ce dodatkowe spotkanie z psychologiem sporty, na kt\u00f3re r\u00f3wnie\u017c serdecznie zapraszamy.\u00a0<\/em><\/span><\/div>\n<div class=\"x_elementToProof\"><span style=\"font-size: 14pt;color: #000080\"><em>Z powa\u017caniem. <\/em><\/span><span style=\"font-size: 14pt;color: #000080\"><em>Ewa Wiedemann<\/em><\/span><\/div>\n<div class=\"x_elementToProof\"><\/div>\n<div class=\"x_elementToProof\"><span style=\"font-size: 14pt;color: #000080\"><em>\u00a0<\/em><\/span><\/div>\n<div class=\"x_elementToProof\"><span style=\"font-size: 14pt;color: #000080\"><em>&#8222;Czasem zastanawiasz si\u0119, czy Twoje dziecko zachowuje si\u0119 \u201cprawid\u0142owo&#8221;? To normalne. Por\u00f3wnywanie z r\u00f3wie\u015bnikami, sprzeczne informacje i presja otoczenia mog\u0105 budzi\u0107 niepok\u00f3j.\u00a0Dlatego podczas Live Sesji w ramach Wellbefi Zdalny Psycholog postaramy si\u0119 rozwia\u0107 w\u0105tpliwo\u015bci i udzieli\u0107 odpowiedzi na najcz\u0119stsze pytania.<\/em><\/span><\/div>\n<div class=\"x_elementToProof\"><span style=\"font-size: 14pt;color: #000080\"><em>\u00a0<\/em><\/span><\/div>\n<div class=\"x_elementToProof\"><span style=\"font-size: 14pt;color: #000080\"><em>Data i temat spotkania:<\/em><\/span><\/div>\n<div class=\"x_elementToProof\"><span style=\"font-size: 14pt;color: #000080\"><em>Wtorek, 31.03, godz. 17.00 &#8211; Rozw\u00f3j przedszkolaka bez presji &#8211; co jest norm\u0105 a co sygna\u0142em ostrzegawczym?<\/em><\/span><\/div>\n<div class=\"x_elementToProof\"><span style=\"font-size: 14pt;color: #000080\"><em>Jak wygl\u0105da typowy rozw\u00f3j dziecka w wieku przedszkolnym. Jakie trudno\u015bci s\u0105 naturaln\u0105 cz\u0119\u015bci\u0105 rozwoju, a jakie mog\u0105 by\u0107 sygna\u0142em, \u017ce dziecko potrzebuje dodatkowego wsparcia.\u00a0Na co warto zwraca\u0107 uwag\u0119 w codziennym funkcjonowaniu dziecka oraz jak odr\u00f3\u017cni\u0107 etap rozwojowy od trudno\u015bci wymagaj\u0105cych konsultacji.\u00a0<\/em><\/span><\/div>\n<div class=\"x_elementToProof\"><span style=\"font-size: 14pt;color: #000080\"><em>\u00a0<\/em><\/span><\/div>\n<div class=\"x_elementToProof\"><span style=\"font-size: 14pt;color: #000080\"><em>Dodatkowa LS z Go\u015bciem Specjalnym, certyfikowanym psychologiem sportu dr. Marcinem Kochanowskim:<\/em><\/span><\/div>\n<div class=\"x_elementToProof\"><span style=\"font-size: 14pt;color: #000080\"><em>\u015aroda. 01.04, godz. 17.00 &#8211; Wyznaczania cel\u00f3w osobistych w sporcie<\/em><\/span><\/div>\n<div class=\"x_elementToProof\"><span style=\"font-size: 14pt;color: #000080\"><em>Jak wyznacza\u0107 sobie cele, aby skutecznie je realizowa\u0107. Sposoby mistrz\u00f3w do wykorzystania na boisku, w szkole, w domu i w pracy.<\/em><\/span><\/div>\n<div class=\"x_elementToProof\"><span style=\"font-size: 14pt;color: #000080\"><em>\u00a0<\/em><\/span><\/div>\n<div class=\"x_elementToProof\"><span style=\"font-size: 14pt;color: #000080\"><em>A mo\u017ce bajka na dobranoc? Zapraszamy do wsp\u00f3lnego s\u0142uchania z dzieckiem Bajek Terapeutycznych czytanych dla Was na \u017cywo przez psycholog\u00f3w z Fundacji Wsp\u00f3lnie dla Sprawy! Kiedy? Codziennie (pon.-pt.) o godz. 13.00 i o 19.00.<\/em><\/span><\/div>\n<div class=\"x_elementToProof\"><span style=\"font-size: 14pt;color: #000080\"><em>\u00a0<\/em><\/span><\/div>\n<div class=\"x_elementToProof\"><span style=\"font-size: 14pt;color: #000080\"><em>Jak do\u0142\u0105czy\u0107 do sesji lub pos\u0142ucha\u0107 bajki? Wystarczy klikn\u0105\u0107 wid\u017cet projektu Wellbefi Zdalny Psycholog na stronie internetowej przedszkola. Transmisja rozpocznie si\u0119 automatycznie o wskazanej godzinie.<\/em><\/span><\/div>\n","protected":false},"excerpt":{"rendered":"<p>Szanowni Pa\u0144stwo, we wtorek odb\u0119dzie si\u0119 kolejne spotkanie w ramach projektu Wellbefi dla rodzic\u00f3w przedszkolak\u00f3w oraz wychowawc\u00f3w. Porozmawiamy o tym, co jest norm\u0105 a co powinno by\u0107 sygna\u0142em ostrzegawczym w [&hellip;]<\/p>\n","protected":false},"author":115,"featured_media":13237,"comment_status":"closed","ping_status":"closed","sticky":false,"template":"","format":"standard","meta":{"ngg_post_thumbnail":0,"footnotes":""},"categories":[3],"tags":[],"class_list":["post-13377","post","type-post","status-publish","format-standard","has-post-thumbnail","hentry","category-aktualnosci","clearfix"],"_links":{"self":[{"href":"https:\/\/przedszkole18.edu.wroclaw.pl\/index.php\/wp-json\/wp\/v2\/posts\/13377","targetHints":{"allow":["GET"]}}],"collection":[{"href":"https:\/\/przedszkole18.edu.wroclaw.pl\/index.php\/wp-json\/wp\/v2\/posts"}],"about":[{"href":"https:\/\/przedszkole18.edu.wroclaw.pl\/index.php\/wp-json\/wp\/v2\/types\/post"}],"author":[{"embeddable":true,"href":"https:\/\/przedszkole18.edu.wroclaw.pl\/index.php\/wp-json\/wp\/v2\/users\/115"}],"replies":[{"embeddable":true,"href":"https:\/\/przedszkole18.edu.wroclaw.pl\/index.php\/wp-json\/wp\/v2\/comments?post=13377"}],"version-history":[{"count":1,"href":"https:\/\/przedszkole18.edu.wroclaw.pl\/index.php\/wp-json\/wp\/v2\/posts\/13377\/revisions"}],"predecessor-version":[{"id":13378,"href":"https:\/\/przedszkole18.edu.wroclaw.pl\/index.php\/wp-json\/wp\/v2\/posts\/13377\/revisions\/13378"}],"wp:featuredmedia":[{"embeddable":true,"href":"https:\/\/przedszkole18.edu.wroclaw.pl\/index.php\/wp-json\/wp\/v2\/media\/13237"}],"wp:attachment":[{"href":"https:\/\/przedszkole18.edu.wroclaw.pl\/index.php\/wp-json\/wp\/v2\/media?parent=13377"}],"wp:term":[{"taxonomy":"category","embeddable":true,"href":"https:\/\/przedszkole18.edu.wroclaw.pl\/index.php\/wp-json\/wp\/v2\/categories?post=13377"},{"taxonomy":"post_tag","embeddable":true,"href":"https:\/\/przedszkole18.edu.wroclaw.pl\/index.php\/wp-json\/wp\/v2\/tags?post=13377"}],"curies":[{"name":"wp","href":"https:\/\/api.w.org\/{rel}","templated":true}]}}