
{"id":13379,"date":"2026-03-30T09:21:11","date_gmt":"2026-03-30T07:21:11","guid":{"rendered":"https:\/\/przedszkole18.edu.wroclaw.pl\/?p=13379"},"modified":"2026-03-30T09:21:11","modified_gmt":"2026-03-30T07:21:11","slug":"wiosenny-konkurs-plastyczny","status":"publish","type":"post","link":"https:\/\/przedszkole18.edu.wroclaw.pl\/index.php\/2026\/03\/30\/wiosenny-konkurs-plastyczny\/","title":{"rendered":"WIOSENNY KONKURS PLASTYCZNY"},"content":{"rendered":"<p style=\"text-align: center\"><span style=\"font-size: 18pt;color: #0000ff\"><strong>\u00a0DROGIE DZIECI<\/strong><\/span><\/p>\n<p><span style=\"font-size: 14pt;color: #ff0000\"><strong>Przypominamy o trwaj\u0105cym\u00a0 konkursie plastycznym:<\/strong><\/span><\/p>\n<p style=\"text-align: center\"><span style=\"font-size: 18pt;color: #008000\"><strong>&#8222;Wiosenny krajobraz&#8221;<\/strong><\/span><\/p>\n<p><span style=\"font-size: 14pt;color: #ff0000\"><strong>Na prace plastyczne czekamy do 1 kwietnia w grupie II (szczeg\u00f3\u0142y na plakacie przy wej\u015bciu do przedszkola).<\/strong><\/span><\/p>\n<p style=\"text-align: right\"><span style=\"color: #0000ff;font-size: 14pt\"><strong>Serdecznie zapraszamy do udzia\u0142u w konkursie\u00a0<\/strong><\/span><\/p>\n<p>&nbsp;<\/p>\n<p>&nbsp;<\/p>\n<p>&nbsp;<\/p>\n","protected":false},"excerpt":{"rendered":"<p>\u00a0DROGIE DZIECI Przypominamy o trwaj\u0105cym\u00a0 konkursie plastycznym: &#8222;Wiosenny krajobraz&#8221; Na prace plastyczne czekamy do 1 kwietnia w grupie II (szczeg\u00f3\u0142y na plakacie przy wej\u015bciu do przedszkola). Serdecznie zapraszamy do udzia\u0142u [&hellip;]<\/p>\n","protected":false},"author":108,"featured_media":12474,"comment_status":"closed","ping_status":"closed","sticky":false,"template":"","format":"standard","meta":{"ngg_post_thumbnail":0,"footnotes":""},"categories":[3],"tags":[],"class_list":["post-13379","post","type-post","status-publish","format-standard","has-post-thumbnail","hentry","category-aktualnosci","clearfix"],"_links":{"self":[{"href":"https:\/\/przedszkole18.edu.wroclaw.pl\/index.php\/wp-json\/wp\/v2\/posts\/13379","targetHints":{"allow":["GET"]}}],"collection":[{"href":"https:\/\/przedszkole18.edu.wroclaw.pl\/index.php\/wp-json\/wp\/v2\/posts"}],"about":[{"href":"https:\/\/przedszkole18.edu.wroclaw.pl\/index.php\/wp-json\/wp\/v2\/types\/post"}],"author":[{"embeddable":true,"href":"https:\/\/przedszkole18.edu.wroclaw.pl\/index.php\/wp-json\/wp\/v2\/users\/108"}],"replies":[{"embeddable":true,"href":"https:\/\/przedszkole18.edu.wroclaw.pl\/index.php\/wp-json\/wp\/v2\/comments?post=13379"}],"version-history":[{"count":1,"href":"https:\/\/przedszkole18.edu.wroclaw.pl\/index.php\/wp-json\/wp\/v2\/posts\/13379\/revisions"}],"predecessor-version":[{"id":13380,"href":"https:\/\/przedszkole18.edu.wroclaw.pl\/index.php\/wp-json\/wp\/v2\/posts\/13379\/revisions\/13380"}],"wp:featuredmedia":[{"embeddable":true,"href":"https:\/\/przedszkole18.edu.wroclaw.pl\/index.php\/wp-json\/wp\/v2\/media\/12474"}],"wp:attachment":[{"href":"https:\/\/przedszkole18.edu.wroclaw.pl\/index.php\/wp-json\/wp\/v2\/media?parent=13379"}],"wp:term":[{"taxonomy":"category","embeddable":true,"href":"https:\/\/przedszkole18.edu.wroclaw.pl\/index.php\/wp-json\/wp\/v2\/categories?post=13379"},{"taxonomy":"post_tag","embeddable":true,"href":"https:\/\/przedszkole18.edu.wroclaw.pl\/index.php\/wp-json\/wp\/v2\/tags?post=13379"}],"curies":[{"name":"wp","href":"https:\/\/api.w.org\/{rel}","templated":true}]}}