
{"id":13393,"date":"2026-04-01T14:21:03","date_gmt":"2026-04-01T12:21:03","guid":{"rendered":"https:\/\/przedszkole18.edu.wroclaw.pl\/?p=13393"},"modified":"2026-04-01T14:38:44","modified_gmt":"2026-04-01T12:38:44","slug":"szanowni-panstwo-13","status":"publish","type":"post","link":"https:\/\/przedszkole18.edu.wroclaw.pl\/index.php\/2026\/04\/01\/szanowni-panstwo-13\/","title":{"rendered":"Szanowni Pa\u0144stwo !"},"content":{"rendered":"<p style=\"text-align: center\"><span style=\"font-size: 14pt;color: #008000\"><em><strong>Z okazji nadchodz\u0105cych \u015awi\u0105t Wielkanocnych sk\u0142adamy Pa\u0144stwu najserdeczniejsze \u017cyczenia.<\/strong><\/em><\/span><\/p>\n<p style=\"text-align: center\"><span style=\"font-size: 14pt;color: #008000\"><em><strong>Niech ten czas wype\u0142niony b\u0119dzie spokojem i rado\u015bci\u0105, a wiosenna aura przyniesie now\u0105 energi\u0119 do realizacji plan\u00f3w osobistych i zawodowych.\u00a0<\/strong><\/em><\/span><\/p>\n<p style=\"text-align: center\"><span style=\"font-size: 14pt;color: #008000\"><em><strong>W imieniu ca\u0142ej spo\u0142eczno\u015bci &#8222;Wiolinka&#8221; <\/strong><span style=\"font-size: 14pt;color: #008000\">Lidia Walczak -I\u017cycka.\u00a0\u00a0<\/span><\/em><\/span><\/p>\n<p style=\"text-align: center\">\n","protected":false},"excerpt":{"rendered":"<p>Z okazji nadchodz\u0105cych \u015awi\u0105t Wielkanocnych sk\u0142adamy Pa\u0144stwu najserdeczniejsze \u017cyczenia. Niech ten czas wype\u0142niony b\u0119dzie spokojem i rado\u015bci\u0105, a wiosenna aura przyniesie now\u0105 energi\u0119 do realizacji plan\u00f3w osobistych i zawodowych.\u00a0 W [&hellip;]<\/p>\n","protected":false},"author":115,"featured_media":12337,"comment_status":"closed","ping_status":"closed","sticky":false,"template":"","format":"standard","meta":{"ngg_post_thumbnail":0,"footnotes":""},"categories":[3],"tags":[],"class_list":["post-13393","post","type-post","status-publish","format-standard","has-post-thumbnail","hentry","category-aktualnosci","clearfix"],"_links":{"self":[{"href":"https:\/\/przedszkole18.edu.wroclaw.pl\/index.php\/wp-json\/wp\/v2\/posts\/13393","targetHints":{"allow":["GET"]}}],"collection":[{"href":"https:\/\/przedszkole18.edu.wroclaw.pl\/index.php\/wp-json\/wp\/v2\/posts"}],"about":[{"href":"https:\/\/przedszkole18.edu.wroclaw.pl\/index.php\/wp-json\/wp\/v2\/types\/post"}],"author":[{"embeddable":true,"href":"https:\/\/przedszkole18.edu.wroclaw.pl\/index.php\/wp-json\/wp\/v2\/users\/115"}],"replies":[{"embeddable":true,"href":"https:\/\/przedszkole18.edu.wroclaw.pl\/index.php\/wp-json\/wp\/v2\/comments?post=13393"}],"version-history":[{"count":4,"href":"https:\/\/przedszkole18.edu.wroclaw.pl\/index.php\/wp-json\/wp\/v2\/posts\/13393\/revisions"}],"predecessor-version":[{"id":13397,"href":"https:\/\/przedszkole18.edu.wroclaw.pl\/index.php\/wp-json\/wp\/v2\/posts\/13393\/revisions\/13397"}],"wp:featuredmedia":[{"embeddable":true,"href":"https:\/\/przedszkole18.edu.wroclaw.pl\/index.php\/wp-json\/wp\/v2\/media\/12337"}],"wp:attachment":[{"href":"https:\/\/przedszkole18.edu.wroclaw.pl\/index.php\/wp-json\/wp\/v2\/media?parent=13393"}],"wp:term":[{"taxonomy":"category","embeddable":true,"href":"https:\/\/przedszkole18.edu.wroclaw.pl\/index.php\/wp-json\/wp\/v2\/categories?post=13393"},{"taxonomy":"post_tag","embeddable":true,"href":"https:\/\/przedszkole18.edu.wroclaw.pl\/index.php\/wp-json\/wp\/v2\/tags?post=13393"}],"curies":[{"name":"wp","href":"https:\/\/api.w.org\/{rel}","templated":true}]}}