
{"id":13427,"date":"2026-04-14T14:30:25","date_gmt":"2026-04-14T12:30:25","guid":{"rendered":"https:\/\/przedszkole18.edu.wroclaw.pl\/?p=13427"},"modified":"2026-04-14T14:58:25","modified_gmt":"2026-04-14T12:58:25","slug":"wazne-informacje-2","status":"publish","type":"post","link":"https:\/\/przedszkole18.edu.wroclaw.pl\/index.php\/2026\/04\/14\/wazne-informacje-2\/","title":{"rendered":"Wa\u017cne informacje."},"content":{"rendered":"<p style=\"text-align: center\"><span style=\"font-size: 18pt;color: #003366\"><em><strong>Szanowni Pa\u0144stwo!<\/strong><\/em><\/span><\/p>\n<p style=\"text-align: center\"><span style=\"font-size: 18pt;color: #003366\"><em><strong>\u00a0Mamy jeszcze kilka,\u00a0 wa\u017cnych wydarze\u0144 w kwietniu.<\/strong><\/em><\/span><\/p>\n<p style=\"text-align: center\"><span style=\"font-size: 18pt\"><em><strong><span style=\"font-size: 14pt;color: #800080\">1. Wroc\u0142awski Festiwal Ta\u0144cz\u0105cych Przedszkolak\u00f3w &#8211; impreza od lat organizowana przez nasze przedszkole. <\/span><\/strong><\/em><\/span><\/p>\n<p style=\"text-align: center\"><span style=\"font-size: 18pt\"><em><strong><span style=\"font-size: 14pt;color: #800080\">To ju\u017c\u00a0 XX III edycji tego wydarzenia. W tym roku pod has\u0142em &#8222;Tanecznym krokiem przez Wroc\u0142aw &#8211; spotkanie filmu i muzyki&#8221;\u00a0 reprezentowa\u0107 nas b\u0119dzie\u00a0 grupa III, kt\u00f3ra wsp\u00f3lnie z nauczycielami przygotowa\u0142a taniec do muzyki z filmu &#8222;Trolle&#8221;\u00a0<\/span>\u00a0<\/strong><\/em><\/span><\/p>\n<p style=\"text-align: center\"><span style=\"color: #800080\"><span style=\"font-size: 14pt\"><em>21 kwietnia, Aula Zespo\u0142u Szk\u00f3\u0142 ul. S\u0142ubicka.\u00a0 \u00a0 <\/em><\/span><\/span><\/p>\n<p style=\"text-align: center\"><span style=\"font-size: 14pt;color: #008000\"><em><strong>2.\u00a0 Przedszkolny Przegl\u0105d Piosenki Wiersza To nasza wewn\u0119trzna impreza,\u00a0 bardzo lubiana przez wszystkich.\u00a0 Podziwiamy\u00a0 przygotowane utwory muzyczne i wiersze.\u00a0<\/strong><\/em><\/span><\/p>\n<p style=\"text-align: center\"><span style=\"font-size: 14pt;color: #008000\"><em><strong> To dobry moment na wsp\u00f3lne ogl\u0105danie,\u00a0 s\u0142uchanie tego co przygotowa\u0142y dzieci z innych grup. <\/strong><\/em><\/span><\/p>\n<p style=\"text-align: center\"><span style=\"font-size: 14pt;color: #008000\"><em><strong>Tegoroczne has\u0142o: &#8222;Ekologia wa\u017cna sprawa &#8221;\u00a0 \u00a0<\/strong><\/em><\/span><\/p>\n<p style=\"text-align: center\"><span style=\"font-size: 14pt;color: #008000\">22 kwietnia , sala grupy 3, start\u00a0 9.40\u00a0<\/span><\/p>\n<p style=\"text-align: center\"><span style=\"font-size: 14pt;color: #0000ff\"><em><strong>3. &#8222;Niebieski Igrzyska&#8221; &#8211;\u00a0 Do\u0142\u0105czamy do inicjatywy, kt\u00f3ra propaguje sport, wiedz\u0119 i integracj\u0119 spo\u0142eczn\u0105, a tak\u017ce warto\u015bci takie jak szacunek, empatia, akceptacja oraz gotowo\u015b\u0107 do pomagania innym. Maj\u0105 one pokaza\u0107,<br \/>\n\u017ce ka\u017cdy mo\u017ce by\u0107 sportowcem i ka\u017cdy ma szans\u0119 osi\u0105gn\u0105\u0107 sukces na miar\u0119 swoich mo\u017cliwo\u015bci.<br \/>\nKonkurencje dru\u017cynowe s\u0142u\u017c\u0105 integracji oraz rozwijaniu i wzmacnianiu wi\u0119zi.<br \/>\n<\/strong><strong>Chcemy by tego typu dzia\u0142ania wesz\u0142y na sta\u0142e w kwietniowe kalendarz imprez i wydarze\u0144\u00a0 w naszym przedszkolu.<\/strong><\/em><\/span><\/p>\n<p style=\"text-align: center\"><span style=\"color: #000080\"><em><span style=\"font-size: 14pt\">Przygotujemy zawody sportowe\u00a0 w ogrodzie przedszkolnym <\/span><\/em><\/span><\/p>\n<p style=\"text-align: center\"><span style=\"color: #000080\"><em><span style=\"font-size: 14pt\">27 kwietnia, start 10.00\u00a0<\/span><\/em><\/span><\/p>\n<p style=\"text-align: center\"><span style=\"color: #000080\"><em><span style=\"font-size: 14pt\"><span style=\"color: #3366ff\">Prosimy\u00a0 o przygotowanie dzieciom koszulek w kolorze niebieskim lub inny niebieski akcent.\u00a0 \u00a0<\/span><\/span><\/em><\/span><\/p>\n<p style=\"text-align: center\"><img loading=\"lazy\" decoding=\"async\" class=\"alignnone wp-image-13432\" src=\"https:\/\/przedszkole18.edu.wroclaw.pl\/wp-content\/uploads\/sites\/36\/2026\/04\/plakat_ni_2026-scaled-1-213x300.png\" alt=\"\" width=\"301\" height=\"424\" srcset=\"https:\/\/przedszkole18.edu.wroclaw.pl\/wp-content\/uploads\/sites\/36\/2026\/04\/plakat_ni_2026-scaled-1-213x300.png 213w, https:\/\/przedszkole18.edu.wroclaw.pl\/wp-content\/uploads\/sites\/36\/2026\/04\/plakat_ni_2026-scaled-1-726x1024.png 726w, https:\/\/przedszkole18.edu.wroclaw.pl\/wp-content\/uploads\/sites\/36\/2026\/04\/plakat_ni_2026-scaled-1-768x1083.png 768w, https:\/\/przedszkole18.edu.wroclaw.pl\/wp-content\/uploads\/sites\/36\/2026\/04\/plakat_ni_2026-scaled-1-1090x1536.png 1090w, https:\/\/przedszkole18.edu.wroclaw.pl\/wp-content\/uploads\/sites\/36\/2026\/04\/plakat_ni_2026-scaled-1-1453x2048.png 1453w, https:\/\/przedszkole18.edu.wroclaw.pl\/wp-content\/uploads\/sites\/36\/2026\/04\/plakat_ni_2026-scaled-1.png 1816w\" sizes=\"auto, (max-width: 301px) 100vw, 301px\" \/><\/p>\n<audio class=\"wp-audio-shortcode\" id=\"audio-13427-1\" preload=\"none\" style=\"width: 100%;\" controls=\"controls\"><source type=\"audio\/mpeg\" src=\"https:\/\/przedszkole18.edu.wroclaw.pl\/wp-content\/uploads\/sites\/36\/2026\/04\/NIEBIESKIE-IGRZYSKA-WERSJA-OFICJALNA.mp3?_=1\" \/><a href=\"https:\/\/przedszkole18.edu.wroclaw.pl\/wp-content\/uploads\/sites\/36\/2026\/04\/NIEBIESKIE-IGRZYSKA-WERSJA-OFICJALNA.mp3\">https:\/\/przedszkole18.edu.wroclaw.pl\/wp-content\/uploads\/sites\/36\/2026\/04\/NIEBIESKIE-IGRZYSKA-WERSJA-OFICJALNA.mp3<\/a><\/audio>\n","protected":false},"excerpt":{"rendered":"<p>Szanowni Pa\u0144stwo! \u00a0Mamy jeszcze kilka,\u00a0 wa\u017cnych wydarze\u0144 w kwietniu. 1. Wroc\u0142awski Festiwal Ta\u0144cz\u0105cych Przedszkolak\u00f3w &#8211; impreza od lat organizowana przez nasze przedszkole. To ju\u017c\u00a0 XX III edycji tego wydarzenia. W [&hellip;]<\/p>\n","protected":false},"author":115,"featured_media":11293,"comment_status":"closed","ping_status":"closed","sticky":false,"template":"","format":"standard","meta":{"ngg_post_thumbnail":0,"footnotes":""},"categories":[3],"tags":[],"class_list":["post-13427","post","type-post","status-publish","format-standard","has-post-thumbnail","hentry","category-aktualnosci","clearfix"],"_links":{"self":[{"href":"https:\/\/przedszkole18.edu.wroclaw.pl\/index.php\/wp-json\/wp\/v2\/posts\/13427","targetHints":{"allow":["GET"]}}],"collection":[{"href":"https:\/\/przedszkole18.edu.wroclaw.pl\/index.php\/wp-json\/wp\/v2\/posts"}],"about":[{"href":"https:\/\/przedszkole18.edu.wroclaw.pl\/index.php\/wp-json\/wp\/v2\/types\/post"}],"author":[{"embeddable":true,"href":"https:\/\/przedszkole18.edu.wroclaw.pl\/index.php\/wp-json\/wp\/v2\/users\/115"}],"replies":[{"embeddable":true,"href":"https:\/\/przedszkole18.edu.wroclaw.pl\/index.php\/wp-json\/wp\/v2\/comments?post=13427"}],"version-history":[{"count":6,"href":"https:\/\/przedszkole18.edu.wroclaw.pl\/index.php\/wp-json\/wp\/v2\/posts\/13427\/revisions"}],"predecessor-version":[{"id":13435,"href":"https:\/\/przedszkole18.edu.wroclaw.pl\/index.php\/wp-json\/wp\/v2\/posts\/13427\/revisions\/13435"}],"wp:featuredmedia":[{"embeddable":true,"href":"https:\/\/przedszkole18.edu.wroclaw.pl\/index.php\/wp-json\/wp\/v2\/media\/11293"}],"wp:attachment":[{"href":"https:\/\/przedszkole18.edu.wroclaw.pl\/index.php\/wp-json\/wp\/v2\/media?parent=13427"}],"wp:term":[{"taxonomy":"category","embeddable":true,"href":"https:\/\/przedszkole18.edu.wroclaw.pl\/index.php\/wp-json\/wp\/v2\/categories?post=13427"},{"taxonomy":"post_tag","embeddable":true,"href":"https:\/\/przedszkole18.edu.wroclaw.pl\/index.php\/wp-json\/wp\/v2\/tags?post=13427"}],"curies":[{"name":"wp","href":"https:\/\/api.w.org\/{rel}","templated":true}]}}