
{"id":13440,"date":"2026-04-16T15:56:53","date_gmt":"2026-04-16T13:56:53","guid":{"rendered":"https:\/\/przedszkole18.edu.wroclaw.pl\/?p=13440"},"modified":"2026-04-19T10:06:20","modified_gmt":"2026-04-19T08:06:20","slug":"rowerowy-maj-2026","status":"publish","type":"post","link":"https:\/\/przedszkole18.edu.wroclaw.pl\/index.php\/2026\/04\/16\/rowerowy-maj-2026\/","title":{"rendered":"ROWEROWY MAJ 2026"},"content":{"rendered":"<p style=\"text-align: center\"><span style=\"font-size: 18pt\"><strong><span style=\"color: #0000ff\">SZANOWNI PA\u0143STWO<\/span><\/strong><\/span><\/p>\n<p><span style=\"color: #008000\"><strong><span style=\"font-size: 14pt\">Serdecznie zapraszamy wszystkie przedszkolaki do\u00a0 udzia\u0142u w kampanii miejskiej pt. <span style=\"color: #ff0000\">ROWEROWY MAJ 2026<\/span> w dniach:<span style=\"color: #ff0000\"> 4 &#8211; 29 maja 2026r.<\/span> <\/span><\/strong><\/span><\/p>\n<p><span style=\"color: #008000\"><strong><span style=\"font-size: 14pt\">Do akcji zg\u0142osi\u0142o si\u0119 wiele plac\u00f3wek z Wroc\u0142awia. <\/span><\/strong><\/span><\/p>\n<p><span style=\"color: #008000\"><strong><span style=\"font-size: 14pt\">Celem jest promocja aktywno\u015bci fizycznej, a w szczeg\u00f3lno\u015bci komunikacji rowerowej, jazdy na hulajnogach, rolkach, wrotkach. Licz\u0105 si\u0119 dojazdy do przedszkola i powroty na wy\u017cej wymienionym sprz\u0119cie. Jest to promocja zdrowego stylu \u017cycia i korzystania z alternatywnej komunikacji rowerowej.<\/span><\/strong><\/span><\/p>\n<p><span style=\"color: #008000\"><strong><span style=\"font-size: 14pt\"><span style=\"color: #ff0000\">ROWEROWY MAJ<\/span> to forma pozytywnej rywalizacji pomi\u0119dzy dzie\u0107mi, grupami\/klasami i plac\u00f3wkami. Ka\u017cde dziecko, kt\u00f3re b\u0119dzie przyje\u017cd\u017ca\u0142 do przedszkola rowerem, hulajnog\u0105, na rolkach, wrotkach, otrzyma naklejk\u0119 do &#8222;Dziennika Rowerowego Maja&#8221;. Po zako\u0144czeniu kampanii spo\u015br\u00f3d wszystkich uczestnik\u00f3w zostan\u0105 wy\u0142onione najbardziej rowerowe klasy\/grupy i plac\u00f3wki.<\/span><\/strong><\/span><\/p>\n<p><strong><span style=\"color: #0000ff;font-size: 14pt\">PROSIMY ABY\u015aCIE DALI SZANS\u0118 SWOIM POCIECHOM NA UDZIA\u0141 W KAMPANII.<\/span><\/strong><\/p>\n<p><span style=\"color: #ff0000\"><strong><span style=\"font-size: 14pt\">Deklaracj\u0119 udzia\u0142u dziecka w kampanii ROWEROWY MAJ 2026\u00a0 b\u0119dzie mo\u017cna podpisa\u0107 u nauczycielek grup\u00a0 w dniach:<\/span><\/strong><\/span><\/p>\n<p style=\"text-align: center\"><span style=\"color: #ff0000\"><strong><span style=\"font-size: 14pt\"> 20 &#8211; 24 kwietnia 2026r<\/span><\/strong><\/span><\/p>\n<p><strong><span style=\"color: #0000ff;font-size: 14pt\">Sprz\u0119t<span style=\"color: #ff0000\"> (podpisany w widocznym miejscu &#8211; to wa\u017cna kwestia)<\/span>, na kt\u00f3rym dzieci b\u0119d\u0105 przyje\u017cd\u017ca\u0142y do przedszkola, w czasie trwania akcji, b\u0119dzie mo\u017cna zostawi\u0107 w wyznaczonym miejscu. Przedszkole nie ponosi odpowiedzialno\u015bci materialnej za rowery, hulajnogi, wrotki, rolki&#8230;<\/span><\/strong><\/p>\n<p style=\"text-align: center\"><span style=\"font-size: 14pt;color: #ff0000\"><strong>19 kwietnia na terenie miasta odb\u0119dzie si\u0119 akcja ROWEROWA MOBILIZACJA\u00a0 poprzedzaj\u0105ca kampani\u0119 <\/strong><strong>ROWEROWY MAJ 2026.<\/strong><\/span><\/p>\n<p><span style=\"font-size: 14pt;color: #008000\"><strong>Przekazuj\u0119 kilka wa\u017cnych informacji\u00a0 od Koordynator\u00f3w Akcji Miejskiej:<\/strong><\/span><\/p>\n<p><span style=\"color: #008000\"><strong><span style=\"font-size: 14pt\">ROWEROWA MOBILIZACJA &#8211; przejazdy i pikniki rowerowe dla uczestnik\u00f3w Kampanii ROWEROWY MAJ 2026 &#8211; serdecznie zapraszamy wszystkich uczestnik\u00f3w kampanii wraz z rodzicami do wzi\u0119cia udzia\u0142u w ROWEROWEJ MOBILIZACJI, kt\u00f3ra odb\u0119dzie si\u0119 <\/span><\/strong><\/span><\/p>\n<p><span style=\"color: #008000\"><strong><span style=\"font-size: 14pt\">19. 04. 2026r.\u00a0 (niedziela), w godz. 14.00 &#8211; 19.00.<\/span><\/strong><\/span><\/p>\n<p><span style=\"color: #008000\"><strong><span style=\"font-size: 14pt\">Lokalizacja dla przedszkoli po\u0142o\u017conych w centrum Wroc\u0142awia:\u00a0<\/span><\/strong><\/span><\/p>\n<ul>\n<li><span style=\"color: #008000\"><strong><span style=\"font-size: 14pt\"><span style=\"color: #ff0000\">Park Kasprowicza (zbi\u00f3rka godz. 14.00)\u00a0<\/span><\/span><\/strong><\/span><\/li>\n<li><span style=\"color: #008000\"><strong><span style=\"font-size: 14pt\"><span style=\"color: #ff0000\">przejazd rowerowy do parku S. To\u0142py\u00a0 (godz. 14.00 &#8211; 15.00)<\/span><\/span><\/strong><\/span><\/li>\n<li><span style=\"color: #008000\"><strong><span style=\"font-size: 14pt\"><span style=\"color: #ff0000\">Park S. To\u0142py (piknik z atrakcjami godz. 15.00 &#8211; 19.00)<\/span><\/span><\/strong><\/span><\/li>\n<\/ul>\n<p><strong><span style=\"font-size: 14pt\">U nauczycielek grup odbieracie Pa\u0144stwo naklejk\u0119 potwierdzaj\u0105c\u0105 udzia\u0142 w Kampanii ROWEROWY MAJ 2026, kt\u00f3r\u0105 dzieci naklejaj\u0105 na sprz\u0119cie, na kt\u00f3rym doje\u017cd\u017caj\u0105 do przedszkola.<\/span><\/strong><\/p>\n<p>&nbsp;<\/p>\n<p>&nbsp;<\/p>\n<p>&nbsp;<\/p>\n<p>&nbsp;<\/p>\n","protected":false},"excerpt":{"rendered":"<p>SZANOWNI PA\u0143STWO Serdecznie zapraszamy wszystkie przedszkolaki do\u00a0 udzia\u0142u w kampanii miejskiej pt. ROWEROWY MAJ 2026 w dniach: 4 &#8211; 29 maja 2026r. Do akcji zg\u0142osi\u0142o si\u0119 wiele plac\u00f3wek z Wroc\u0142awia. [&hellip;]<\/p>\n","protected":false},"author":108,"featured_media":13441,"comment_status":"closed","ping_status":"closed","sticky":false,"template":"","format":"standard","meta":{"ngg_post_thumbnail":0,"footnotes":""},"categories":[3],"tags":[],"class_list":["post-13440","post","type-post","status-publish","format-standard","has-post-thumbnail","hentry","category-aktualnosci","clearfix"],"_links":{"self":[{"href":"https:\/\/przedszkole18.edu.wroclaw.pl\/index.php\/wp-json\/wp\/v2\/posts\/13440","targetHints":{"allow":["GET"]}}],"collection":[{"href":"https:\/\/przedszkole18.edu.wroclaw.pl\/index.php\/wp-json\/wp\/v2\/posts"}],"about":[{"href":"https:\/\/przedszkole18.edu.wroclaw.pl\/index.php\/wp-json\/wp\/v2\/types\/post"}],"author":[{"embeddable":true,"href":"https:\/\/przedszkole18.edu.wroclaw.pl\/index.php\/wp-json\/wp\/v2\/users\/108"}],"replies":[{"embeddable":true,"href":"https:\/\/przedszkole18.edu.wroclaw.pl\/index.php\/wp-json\/wp\/v2\/comments?post=13440"}],"version-history":[{"count":3,"href":"https:\/\/przedszkole18.edu.wroclaw.pl\/index.php\/wp-json\/wp\/v2\/posts\/13440\/revisions"}],"predecessor-version":[{"id":13455,"href":"https:\/\/przedszkole18.edu.wroclaw.pl\/index.php\/wp-json\/wp\/v2\/posts\/13440\/revisions\/13455"}],"wp:featuredmedia":[{"embeddable":true,"href":"https:\/\/przedszkole18.edu.wroclaw.pl\/index.php\/wp-json\/wp\/v2\/media\/13441"}],"wp:attachment":[{"href":"https:\/\/przedszkole18.edu.wroclaw.pl\/index.php\/wp-json\/wp\/v2\/media?parent=13440"}],"wp:term":[{"taxonomy":"category","embeddable":true,"href":"https:\/\/przedszkole18.edu.wroclaw.pl\/index.php\/wp-json\/wp\/v2\/categories?post=13440"},{"taxonomy":"post_tag","embeddable":true,"href":"https:\/\/przedszkole18.edu.wroclaw.pl\/index.php\/wp-json\/wp\/v2\/tags?post=13440"}],"curies":[{"name":"wp","href":"https:\/\/api.w.org\/{rel}","templated":true}]}}