
{"id":13448,"date":"2026-04-17T09:21:05","date_gmt":"2026-04-17T07:21:05","guid":{"rendered":"https:\/\/przedszkole18.edu.wroclaw.pl\/?p=13448"},"modified":"2026-04-17T09:21:05","modified_gmt":"2026-04-17T07:21:05","slug":"13448","status":"publish","type":"post","link":"https:\/\/przedszkole18.edu.wroclaw.pl\/index.php\/2026\/04\/17\/13448\/","title":{"rendered":""},"content":{"rendered":"<div class=\"x_elementToProof\"><strong><span style=\"color: #000080\"><i>&#8222;Zastanawiasz si\u0119, sk\u0105d u malucha zachowania takie jak bicie, gryzienie czy krzyk? Nie wiesz, jak wspiera\u0107 swoje dziecko w radzeniu sobie z trudnymi emocjami? Zapraszamy na Live Sesj\u0119 Wellbefi! Porozmawiamy o tym, jak reagowa\u0107 i stawia\u0107 granice w spokojny i konsekwentny spos\u00f3b.<\/i><\/span><\/strong><\/div>\n<div class=\"x_elementToProof\"><strong><span style=\"color: #000080\"><i>\u00a0<\/i><\/span><\/strong><\/div>\n<div class=\"x_elementToProof\"><strong><span style=\"color: #000080\"><i>Data i temat spotkania:<\/i><\/span><\/strong><\/div>\n<div class=\"x_elementToProof\"><strong><span style=\"color: #000080\"><i>Wtorek, 21.04, godz. 17.00 &#8211; Dlaczego moje dziecko bije, gryzie, krzyczy \u2013 agresja i impulsywno\u015b\u0107 u ma\u0142ych dzieci<\/i><\/span><\/strong><\/div>\n<div class=\"x_elementToProof\"><strong><span style=\"color: #000080\"><i>Jak reagowa\u0107, aby skutecznie wspiera\u0107 dziecko w nauce kontroli emocji. Konkretne, psychologiczne strategie, kt\u00f3re pomagaj\u0105 wycisza\u0107 emocje, uczy\u0107 dziecko bezpiecznych sposob\u00f3w wyra\u017cania z\u0142o\u015bci i jednocze\u015bnie stawia\u0107 jasne granice.<\/i><\/span><\/strong><\/div>\n<div class=\"x_elementToProof\"><\/div>\n<div class=\"x_elementToProof\"><strong><span style=\"color: #000080\"><i>Brak plan\u00f3w na wiecz\u00f3r? Zach\u0119camy do pos\u0142uchania bajek terapeutycznych przygotowanych z my\u015bl\u0105 o przedszkolakach. Kiedy? Codziennie (pon.-pt.) o godz. 13.00 i o 19.00 czytamy na \u017cywo bajki, kt\u00f3re pozwol\u0105 dziecku oswoi\u0107 r\u00f3\u017cne emocje w bezpieczny i dopasowany do wieku spos\u00f3b.<\/i><\/span><\/strong><\/div>\n<div class=\"x_elementToProof\"><strong><span style=\"color: #000080\"><i>\u00a0<\/i><\/span><\/strong><\/div>\n<div class=\"x_elementToProof\"><strong><span style=\"color: #000080\"><i>Jak do\u0142\u0105czy\u0107 do sesji lub pos\u0142ucha\u0107 bajki? To proste! Wystarczy klikn\u0105\u0107 wid\u017cet projektu Wellbefi Zdalny Psycholog na stronie internetowej przedszkola. Transmisja rozpocznie si\u0119 automatycznie o wskazanej godzinie. Do zobaczenia!<\/i><\/span><\/strong><\/div>\n<div class=\"x_elementToProof\"><i>\u00a0<\/i><\/div>\n<div class=\"x_elementToProof\"><i>&#8212;&#8212;&#8212;&#8212;&#8212;&#8212;&#8212;&#8212;&#8212;&#8212;&#8212;&#8212;<\/i><\/div>\n<div class=\"x_elementToProof\"><span style=\"color: #666699\"><i>Fundacja Wsp\u00f3lnie dla Sprawy realizuje projekt dla szk\u00f3\u0142 i przedszkoli Wellbefi Zdalny Psycholog, kt\u00f3ry umo\u017cliwia uczniom, rodzicom i nauczycielom dost\u0119p do bezp\u0142atnych konsultacji psychologicznych online oraz Live Sesji na tematy zwi\u0105zane z dobrostanem psychicznym.&#8221;<\/i><\/span><\/div>\n","protected":false},"excerpt":{"rendered":"<p>&#8222;Zastanawiasz si\u0119, sk\u0105d u malucha zachowania takie jak bicie, gryzienie czy krzyk? Nie wiesz, jak wspiera\u0107 swoje dziecko w radzeniu sobie z trudnymi emocjami? Zapraszamy na Live Sesj\u0119 Wellbefi! Porozmawiamy [&hellip;]<\/p>\n","protected":false},"author":115,"featured_media":13237,"comment_status":"closed","ping_status":"closed","sticky":false,"template":"","format":"standard","meta":{"ngg_post_thumbnail":0,"footnotes":""},"categories":[3],"tags":[],"class_list":["post-13448","post","type-post","status-publish","format-standard","has-post-thumbnail","hentry","category-aktualnosci","clearfix"],"_links":{"self":[{"href":"https:\/\/przedszkole18.edu.wroclaw.pl\/index.php\/wp-json\/wp\/v2\/posts\/13448","targetHints":{"allow":["GET"]}}],"collection":[{"href":"https:\/\/przedszkole18.edu.wroclaw.pl\/index.php\/wp-json\/wp\/v2\/posts"}],"about":[{"href":"https:\/\/przedszkole18.edu.wroclaw.pl\/index.php\/wp-json\/wp\/v2\/types\/post"}],"author":[{"embeddable":true,"href":"https:\/\/przedszkole18.edu.wroclaw.pl\/index.php\/wp-json\/wp\/v2\/users\/115"}],"replies":[{"embeddable":true,"href":"https:\/\/przedszkole18.edu.wroclaw.pl\/index.php\/wp-json\/wp\/v2\/comments?post=13448"}],"version-history":[{"count":1,"href":"https:\/\/przedszkole18.edu.wroclaw.pl\/index.php\/wp-json\/wp\/v2\/posts\/13448\/revisions"}],"predecessor-version":[{"id":13449,"href":"https:\/\/przedszkole18.edu.wroclaw.pl\/index.php\/wp-json\/wp\/v2\/posts\/13448\/revisions\/13449"}],"wp:featuredmedia":[{"embeddable":true,"href":"https:\/\/przedszkole18.edu.wroclaw.pl\/index.php\/wp-json\/wp\/v2\/media\/13237"}],"wp:attachment":[{"href":"https:\/\/przedszkole18.edu.wroclaw.pl\/index.php\/wp-json\/wp\/v2\/media?parent=13448"}],"wp:term":[{"taxonomy":"category","embeddable":true,"href":"https:\/\/przedszkole18.edu.wroclaw.pl\/index.php\/wp-json\/wp\/v2\/categories?post=13448"},{"taxonomy":"post_tag","embeddable":true,"href":"https:\/\/przedszkole18.edu.wroclaw.pl\/index.php\/wp-json\/wp\/v2\/tags?post=13448"}],"curies":[{"name":"wp","href":"https:\/\/api.w.org\/{rel}","templated":true}]}}