
{"id":13551,"date":"2026-04-30T18:13:31","date_gmt":"2026-04-30T16:13:31","guid":{"rendered":"https:\/\/przedszkole18.edu.wroclaw.pl\/?p=13551"},"modified":"2026-04-30T18:13:31","modified_gmt":"2026-04-30T16:13:31","slug":"13551","status":"publish","type":"post","link":"https:\/\/przedszkole18.edu.wroclaw.pl\/index.php\/2026\/04\/30\/13551\/","title":{"rendered":""},"content":{"rendered":"<div class=\"x_elementToProof\"><span style=\"color: #000080\"><i>&#8222;Dlaczego jedno dziecko jest bardziej wra\u017cliwe i ostro\u017cne, a inne impulsywne i \u201ebuntownicze\u201d? Sk\u0105d bierze si\u0119 potrzeba kontroli u ma\u0142ych perfekcjonist\u00f3w? Zapraszamy na Live Sesj\u0119 w ramach projektu Wellbefi Zdalny Psycholog, podczas kt\u00f3rej opowiemy, czym jest temperament i jak wp\u0142ywa na zachowanie dziecka.<\/i><\/span><\/div>\n<div class=\"x_elementToProof\"><span style=\"color: #000080\"><i>\u00a0<\/i><\/span><\/div>\n<div class=\"x_elementToProof\"><span style=\"color: #000080\"><i>Data i temat spotkania:<\/i><\/span><\/div>\n<div class=\"x_elementToProof\"><span style=\"color: #000080\"><b><i>Wtorek, 05.05, godz. 17.00 &#8211; Ma\u0142y perfekcjonista, ma\u0142y buntownik &#8211; jak wspiera\u0107 temperament dziecka zamiast z nim walczy\u0107<\/i><\/b><\/span><\/div>\n<div class=\"x_elementToProof\"><span style=\"color: #000080\"><i>Jak temperament wp\u0142ywa na codzienne zachowanie dziecka. Jak niewielkie zmiany w podej\u015bciu rodzica mog\u0105 znacz\u0105co poprawi\u0107 wsp\u00f3\u0142prac\u0119 i relacj\u0119. Konkretne, psychologiczne strategie, kt\u00f3re pomagaj\u0105 lepiej dopasowa\u0107 spos\u00f3b reagowania do potrzeb dziecka, wspiera\u0107 jego rozw\u00f3j i jednocze\u015bnie stawia\u0107 jasne granice.\u00a0<\/i><\/span><\/div>\n<div class=\"x_elementToProof\"><\/div>\n<div class=\"x_elementToProof\"><span style=\"color: #000080\"><i>Wieczorem zapraszamy do wsp\u00f3lnego relaksu podczas s\u0142uchania bajki terapeutycznej! Codziennie (pon.-pt.) o godz. 13.00 i o 19.00 czytamy przedszkolakom na \u017cywo bajki, kt\u00f3re w pozwalaj\u0105 dzieciom lepiej pozna\u0107 i rozumie\u0107 r\u00f3\u017cne emocje.<\/i><\/span><\/div>\n<div class=\"x_elementToProof\"><span style=\"color: #000080\"><i>\u00a0<\/i><\/span><\/div>\n<div class=\"x_elementToProof\"><span style=\"color: #000080\"><i>Chcesz obejrze\u0107 webinar lub pos\u0142ucha\u0107 bajki? Kliknij wid\u017cet projektu Wellbefi Zdalny Psycholog na stronie internetowej przedszkola. Transmisja rozpocznie si\u0119 automatycznie o wskazanej godzinie. Do zobaczenia!<\/i><\/span><\/div>\n","protected":false},"excerpt":{"rendered":"<p>&#8222;Dlaczego jedno dziecko jest bardziej wra\u017cliwe i ostro\u017cne, a inne impulsywne i \u201ebuntownicze\u201d? Sk\u0105d bierze si\u0119 potrzeba kontroli u ma\u0142ych perfekcjonist\u00f3w? Zapraszamy na Live Sesj\u0119 w ramach projektu Wellbefi Zdalny [&hellip;]<\/p>\n","protected":false},"author":115,"featured_media":13237,"comment_status":"closed","ping_status":"closed","sticky":false,"template":"","format":"standard","meta":{"ngg_post_thumbnail":0,"footnotes":""},"categories":[3],"tags":[],"class_list":["post-13551","post","type-post","status-publish","format-standard","has-post-thumbnail","hentry","category-aktualnosci","clearfix"],"_links":{"self":[{"href":"https:\/\/przedszkole18.edu.wroclaw.pl\/index.php\/wp-json\/wp\/v2\/posts\/13551","targetHints":{"allow":["GET"]}}],"collection":[{"href":"https:\/\/przedszkole18.edu.wroclaw.pl\/index.php\/wp-json\/wp\/v2\/posts"}],"about":[{"href":"https:\/\/przedszkole18.edu.wroclaw.pl\/index.php\/wp-json\/wp\/v2\/types\/post"}],"author":[{"embeddable":true,"href":"https:\/\/przedszkole18.edu.wroclaw.pl\/index.php\/wp-json\/wp\/v2\/users\/115"}],"replies":[{"embeddable":true,"href":"https:\/\/przedszkole18.edu.wroclaw.pl\/index.php\/wp-json\/wp\/v2\/comments?post=13551"}],"version-history":[{"count":1,"href":"https:\/\/przedszkole18.edu.wroclaw.pl\/index.php\/wp-json\/wp\/v2\/posts\/13551\/revisions"}],"predecessor-version":[{"id":13552,"href":"https:\/\/przedszkole18.edu.wroclaw.pl\/index.php\/wp-json\/wp\/v2\/posts\/13551\/revisions\/13552"}],"wp:featuredmedia":[{"embeddable":true,"href":"https:\/\/przedszkole18.edu.wroclaw.pl\/index.php\/wp-json\/wp\/v2\/media\/13237"}],"wp:attachment":[{"href":"https:\/\/przedszkole18.edu.wroclaw.pl\/index.php\/wp-json\/wp\/v2\/media?parent=13551"}],"wp:term":[{"taxonomy":"category","embeddable":true,"href":"https:\/\/przedszkole18.edu.wroclaw.pl\/index.php\/wp-json\/wp\/v2\/categories?post=13551"},{"taxonomy":"post_tag","embeddable":true,"href":"https:\/\/przedszkole18.edu.wroclaw.pl\/index.php\/wp-json\/wp\/v2\/tags?post=13551"}],"curies":[{"name":"wp","href":"https:\/\/api.w.org\/{rel}","templated":true}]}}