
{"id":1387,"date":"2020-04-21T17:28:37","date_gmt":"2020-04-21T15:28:37","guid":{"rendered":"https:\/\/przedszkole18.edu.wroclaw.pl\/?p=1387"},"modified":"2020-04-22T12:27:14","modified_gmt":"2020-04-22T10:27:14","slug":"22-kwietnia-swiatowy-dzien-ziemi","status":"publish","type":"post","link":"https:\/\/przedszkole18.edu.wroclaw.pl\/index.php\/2020\/04\/21\/22-kwietnia-swiatowy-dzien-ziemi\/","title":{"rendered":"22 kwietnia \u015awiatowy Dzie\u0144 Ziemi"},"content":{"rendered":"<p><img loading=\"lazy\" decoding=\"async\" class=\"alignnone size-full wp-image-1390\" src=\"https:\/\/przedszkole18.edu.wroclaw.pl\/wp-content\/uploads\/sites\/36\/2020\/04\/dzie\u0144-ziemi.jpg\" alt=\"\" width=\"1281\" height=\"1600\" srcset=\"https:\/\/przedszkole18.edu.wroclaw.pl\/wp-content\/uploads\/sites\/36\/2020\/04\/dzie\u0144-ziemi.jpg 1281w, https:\/\/przedszkole18.edu.wroclaw.pl\/wp-content\/uploads\/sites\/36\/2020\/04\/dzie\u0144-ziemi-240x300.jpg 240w, https:\/\/przedszkole18.edu.wroclaw.pl\/wp-content\/uploads\/sites\/36\/2020\/04\/dzie\u0144-ziemi-820x1024.jpg 820w, https:\/\/przedszkole18.edu.wroclaw.pl\/wp-content\/uploads\/sites\/36\/2020\/04\/dzie\u0144-ziemi-768x959.jpg 768w, https:\/\/przedszkole18.edu.wroclaw.pl\/wp-content\/uploads\/sites\/36\/2020\/04\/dzie\u0144-ziemi-600x749.jpg 600w, https:\/\/przedszkole18.edu.wroclaw.pl\/wp-content\/uploads\/sites\/36\/2020\/04\/dzie\u0144-ziemi-1230x1536.jpg 1230w, https:\/\/przedszkole18.edu.wroclaw.pl\/wp-content\/uploads\/sites\/36\/2020\/04\/dzie\u0144-ziemi-624x779.jpg 624w\" sizes=\"auto, (max-width: 1281px) 100vw, 1281px\" \/><\/p>\n<p style=\"text-align: center\"><span style=\"color: #000000;font-size: 18pt\"><strong>W tym roku ze wzgl\u0119du na pandemi\u0119 Dzie\u0144 Ziemi obchodzimy w domach, jednak mimo to mo\u017cna przybli\u017cy\u0107 dzieciom na czym polega to wa\u017cne \u015bwi\u0119to oraz pom\u00f3c naszej Ziemi nawet w domu!<\/strong> <\/span><\/p>\n<p>&nbsp;<\/p>\n<p><span style=\"color: #000000;font-size: 18pt\">Zapraszamy do obejrzenia prezentacji multimedialnej autorstwa Pani Moni z podk\u0142adem d\u017awi\u0119kowym (ze wzgl\u0119du na wielko\u015b\u0107 pliku nie by\u0142o mo\u017cliwo\u015bci udost\u0119pnienia go bezpo\u015brednio na stronie)<\/span><\/p>\n<p>&nbsp;<\/p>\n<p><span style=\"font-size: 18pt\"><span style=\"color: #000000\">Prezentacja do pobrania tutaj<\/span> <a href=\"https:\/\/panimonia.pl\/wp-content\/uploads\/2020\/04\/dzie%C5%84-ziemi.pptx\">https:\/\/panimonia.pl\/wp-content\/uploads\/2020\/04\/dzie%C5%84-ziemi.pptx<\/a><\/span><\/p>\n<p>&nbsp;<\/p>\n<p><span style=\"color: #000000;font-size: 18pt\">Oraz dw\u00f3ch innych prezentacji (ze strony Przedszkolne pomys\u0142y)przy kt\u00f3rych dzieci ch\u0119tnie skorzystaj\u0105 z pomocy rodzic\u00f3w \ud83d\ude42 &#8211; prosimy pa\u0144stwa aby Pa\u0144stwo przeczytali dzieciom tre\u015bci prezentacji kt\u00f3re zawieraj\u0105 r\u00f3wnie\u017c ciekawe zadania \ud83d\ude09<br \/>\n<\/span><\/p>\n<p><span style=\"font-size: 18pt\"><a href=\"https:\/\/przedszkole18.edu.wroclaw.pl\/wp-content\/uploads\/sites\/36\/2020\/04\/Dzie\u0144-Ziemi-poniedzia\u0142ek.pptx\">Dzie\u0144 Ziemi poniedzia\u0142ek<\/a> <\/span><br \/>\n<span style=\"font-size: 18pt\"><a href=\"https:\/\/przedszkole18.edu.wroclaw.pl\/wp-content\/uploads\/sites\/36\/2020\/04\/Dzie\u0144-Ziemi-wtorek.pptx\">Dzie\u0144 Ziemi wtorek<\/a><\/span><\/p>\n<p><span style=\"font-size: 18pt\"><a href=\"https:\/\/przedszkole18.edu.wroclaw.pl\/wp-content\/uploads\/sites\/36\/2020\/04\/Dzie\u0144-Ziemi-\u015broda.pptx\">Dzie\u0144 Ziemi \u015broda<\/a><\/span><\/p>\n<p>&nbsp;<\/p>\n<p><span style=\"color: #000000;font-size: 18pt\">Mo\u017cna r\u00f3wnie\u017c skorzysta\u0107 z pliku pdf &#8222;Eko &#8211; pakiet przedszkolaka&#8221; zawieraj\u0105cy informacje, materia\u0142y i r\u00f3\u017cne zadania zwi\u0105zane z tematyk\u0105 Dnia Ziemi:<\/span><\/p>\n<p><span style=\"font-size: 18pt\"><a href=\"https:\/\/przedszkole18.edu.wroclaw.pl\/wp-content\/uploads\/sites\/36\/2020\/04\/Eko-pakiet-dla-przedszkolaka.pdf\">Eko-pakiet-dla-przedszkolaka<\/a><\/span><\/p>\n<p>&nbsp;<\/p>\n<p><span style=\"font-size: 18pt;color: #000000\">Gry interaktywne w tematyce Dnia Ziemi:<\/span><\/p>\n<p data-normal-size=\"18\"><span style=\"font-size: 18pt\"><span style=\"color: #000000\">\u0106wiczymy pami\u0119\u0107 EKOLOGIA \u2013<\/span> <a href=\"https:\/\/view.genial.ly\/5e9af762b65e370dac6fe513\">https:\/\/view.genial.ly\/5e9af762b65e370dac6fe513<\/a><\/span><\/p>\n<p data-normal-size=\"18\"><span style=\"font-size: 18pt\"><span style=\"color: #000000\">Na jak\u0105 g\u0142osk\u0119? EKOLOGIA \u2013<\/span> <a href=\"https:\/\/view.genial.ly\/5e9bf464f69c430d825d2d81\">https:\/\/view.genial.ly\/5e9bf464f69c430d825d2d81<\/a><\/span><\/p>\n<p data-normal-size=\"18\"><span style=\"font-size: 18pt\"><span style=\"color: #000000\">\u0106wiczymy spostrzegawczo\u015b\u0107 EKOLOGIA (tutaj nale\u017cy znale\u017a\u0107 podany przedmiot i klikn\u0105\u0107 w szar\u0105 \u0142ezk\u0119 na nim \ud83d\ude42 ) \u2013<\/span> <a href=\"https:\/\/view.genial.ly\/5e9df3acbc1ba60db2f6b753\">https:\/\/view.genial.ly\/5e9df3acbc1ba60db2f6b753<\/a><\/span><\/p>\n<p data-normal-size=\"18\"><span style=\"font-size: 18pt;color: #000000\">Znajd\u017a pojemnik (wielko\u015b\u0107 strza\u0142ki pokazuje czy pojemnik ma by\u0107 du\u017cy czy ma\u0142y) \u2013 <\/span><a href=\"https:\/\/view.genial.ly\/5e98aaef8a1e5e0e205e961f\"><span style=\"font-size: 18pt\">https:\/\/view.genial.ly\/5e98aaef8a1e5e0e205e961f<\/span><\/a><\/p>\n<p>&nbsp;<\/p>\n<p style=\"text-align: center\"><span style=\"color: #800000\"><strong><span style=\"font-size: 24pt\">Serdecznie zach\u0119camy do celebrowania tego wa\u017cnego Dnia dla naszej planety nawet w taki spos\u00f3b &#8211; poszerzajmy \u015bwiadomo\u015b\u0107 dzieci ale tak\u017ce i swoj\u0105 nie tylko dzi\u015b, jutro ale na zawsze.<br \/>\nDbajmy o Ziemi\u0119! \ud83d\ude42<\/span><\/strong><\/span><\/p>\n","protected":false},"excerpt":{"rendered":"<p>W tym roku ze wzgl\u0119du na pandemi\u0119 Dzie\u0144 Ziemi obchodzimy w domach, jednak mimo to mo\u017cna przybli\u017cy\u0107 dzieciom na czym polega to wa\u017cne \u015bwi\u0119to oraz pom\u00f3c naszej Ziemi nawet w [&hellip;]<\/p>\n","protected":false},"author":102,"featured_media":1390,"comment_status":"closed","ping_status":"closed","sticky":false,"template":"","format":"standard","meta":{"ngg_post_thumbnail":0,"footnotes":""},"categories":[3],"tags":[],"class_list":["post-1387","post","type-post","status-publish","format-standard","has-post-thumbnail","hentry","category-aktualnosci","clearfix"],"_links":{"self":[{"href":"https:\/\/przedszkole18.edu.wroclaw.pl\/index.php\/wp-json\/wp\/v2\/posts\/1387","targetHints":{"allow":["GET"]}}],"collection":[{"href":"https:\/\/przedszkole18.edu.wroclaw.pl\/index.php\/wp-json\/wp\/v2\/posts"}],"about":[{"href":"https:\/\/przedszkole18.edu.wroclaw.pl\/index.php\/wp-json\/wp\/v2\/types\/post"}],"author":[{"embeddable":true,"href":"https:\/\/przedszkole18.edu.wroclaw.pl\/index.php\/wp-json\/wp\/v2\/users\/102"}],"replies":[{"embeddable":true,"href":"https:\/\/przedszkole18.edu.wroclaw.pl\/index.php\/wp-json\/wp\/v2\/comments?post=1387"}],"version-history":[{"count":3,"href":"https:\/\/przedszkole18.edu.wroclaw.pl\/index.php\/wp-json\/wp\/v2\/posts\/1387\/revisions"}],"predecessor-version":[{"id":1401,"href":"https:\/\/przedszkole18.edu.wroclaw.pl\/index.php\/wp-json\/wp\/v2\/posts\/1387\/revisions\/1401"}],"wp:featuredmedia":[{"embeddable":true,"href":"https:\/\/przedszkole18.edu.wroclaw.pl\/index.php\/wp-json\/wp\/v2\/media\/1390"}],"wp:attachment":[{"href":"https:\/\/przedszkole18.edu.wroclaw.pl\/index.php\/wp-json\/wp\/v2\/media?parent=1387"}],"wp:term":[{"taxonomy":"category","embeddable":true,"href":"https:\/\/przedszkole18.edu.wroclaw.pl\/index.php\/wp-json\/wp\/v2\/categories?post=1387"},{"taxonomy":"post_tag","embeddable":true,"href":"https:\/\/przedszkole18.edu.wroclaw.pl\/index.php\/wp-json\/wp\/v2\/tags?post=1387"}],"curies":[{"name":"wp","href":"https:\/\/api.w.org\/{rel}","templated":true}]}}