
{"id":1402,"date":"2020-04-22T13:25:28","date_gmt":"2020-04-22T11:25:28","guid":{"rendered":"https:\/\/przedszkole18.edu.wroclaw.pl\/?p=1402"},"modified":"2020-04-22T13:28:57","modified_gmt":"2020-04-22T11:28:57","slug":"rekrutacja-informacja","status":"publish","type":"post","link":"https:\/\/przedszkole18.edu.wroclaw.pl\/index.php\/2020\/04\/22\/rekrutacja-informacja\/","title":{"rendered":"Rekrutacja -informacja."},"content":{"rendered":"<p>Szanowni Pa\u0144stwo w dniu jutrzejszym,\u00a0 zgodnie z harmonogramem rekrutacji na nowy rok szkolny w zak\u0142adce <span style=\"color: #ff0000\">&#8222;Dla<\/span> <span style=\"color: #ff0000\">rodzic\u00f3w&#8221;\u00a0 has\u0142o:\u00a0 rekrutacja<\/span>\u00a0 znajdziecie Pa\u0144stwo list\u0119 dzieci przyj\u0119tych do plac\u00f3wki w nowym roku szkolnym. Lista zamieszczona zgodnie z <span style=\"color: #3366ff\">Rozporz\u0105dzeniem Ministra Edukacji Narodowej z 25 marca 2020roku.<\/span> Pozdrawiam serdecznie i \u017cycz\u0119 zdrowia, zach\u0119cam tak\u017ce do odwiedzania zak\u0142adek grup przedszkolnych. Dyrektor plac\u00f3wki Lidia Walczak-I\u017cycka<\/p>\n<p>http:\/\/Rozporz\u0105dzenie MEN\u00a0 z 25 marca 2020<\/p>\n","protected":false},"excerpt":{"rendered":"<p>Szanowni Pa\u0144stwo w dniu jutrzejszym,\u00a0 zgodnie z harmonogramem rekrutacji na nowy rok szkolny w zak\u0142adce &#8222;Dla rodzic\u00f3w&#8221;\u00a0 has\u0142o:\u00a0 rekrutacja\u00a0 znajdziecie Pa\u0144stwo list\u0119 dzieci przyj\u0119tych do plac\u00f3wki w nowym roku szkolnym. [&hellip;]<\/p>\n","protected":false},"author":115,"featured_media":629,"comment_status":"closed","ping_status":"closed","sticky":false,"template":"","format":"standard","meta":{"ngg_post_thumbnail":0,"footnotes":""},"categories":[3],"tags":[],"class_list":["post-1402","post","type-post","status-publish","format-standard","has-post-thumbnail","hentry","category-aktualnosci","clearfix"],"_links":{"self":[{"href":"https:\/\/przedszkole18.edu.wroclaw.pl\/index.php\/wp-json\/wp\/v2\/posts\/1402","targetHints":{"allow":["GET"]}}],"collection":[{"href":"https:\/\/przedszkole18.edu.wroclaw.pl\/index.php\/wp-json\/wp\/v2\/posts"}],"about":[{"href":"https:\/\/przedszkole18.edu.wroclaw.pl\/index.php\/wp-json\/wp\/v2\/types\/post"}],"author":[{"embeddable":true,"href":"https:\/\/przedszkole18.edu.wroclaw.pl\/index.php\/wp-json\/wp\/v2\/users\/115"}],"replies":[{"embeddable":true,"href":"https:\/\/przedszkole18.edu.wroclaw.pl\/index.php\/wp-json\/wp\/v2\/comments?post=1402"}],"version-history":[{"count":1,"href":"https:\/\/przedszkole18.edu.wroclaw.pl\/index.php\/wp-json\/wp\/v2\/posts\/1402\/revisions"}],"predecessor-version":[{"id":1403,"href":"https:\/\/przedszkole18.edu.wroclaw.pl\/index.php\/wp-json\/wp\/v2\/posts\/1402\/revisions\/1403"}],"wp:featuredmedia":[{"embeddable":true,"href":"https:\/\/przedszkole18.edu.wroclaw.pl\/index.php\/wp-json\/wp\/v2\/media\/629"}],"wp:attachment":[{"href":"https:\/\/przedszkole18.edu.wroclaw.pl\/index.php\/wp-json\/wp\/v2\/media?parent=1402"}],"wp:term":[{"taxonomy":"category","embeddable":true,"href":"https:\/\/przedszkole18.edu.wroclaw.pl\/index.php\/wp-json\/wp\/v2\/categories?post=1402"},{"taxonomy":"post_tag","embeddable":true,"href":"https:\/\/przedszkole18.edu.wroclaw.pl\/index.php\/wp-json\/wp\/v2\/tags?post=1402"}],"curies":[{"name":"wp","href":"https:\/\/api.w.org\/{rel}","templated":true}]}}