
{"id":1561,"date":"2020-04-30T09:32:55","date_gmt":"2020-04-30T07:32:55","guid":{"rendered":"https:\/\/przedszkole18.edu.wroclaw.pl\/?p=1561"},"modified":"2020-04-30T09:32:55","modified_gmt":"2020-04-30T07:32:55","slug":"komunikat-zapytanie","status":"publish","type":"post","link":"https:\/\/przedszkole18.edu.wroclaw.pl\/index.php\/2020\/04\/30\/komunikat-zapytanie\/","title":{"rendered":"Komunikat &#8211; zapytanie !"},"content":{"rendered":"<p><strong><span style=\"color: #ff0000\">Szanowni Pa\u0144stwo zwracam si\u0119 z zapytaniem i apeluj\u0119 o rozwa\u017cn\u0105 decyzje.<\/span><\/strong><\/p>\n<p>Jestem w trakcie zbierania informacji dotycz\u0105cej powrotu do plac\u00f3wki od 6 maja. Rodzi si\u0119 wiele pyta\u0144, na kt\u00f3re nie umiem jeszcze odpowiedzie\u0107. Nie mam na ten moment\u00a0 informacji,\u00a0 jak ten powr\u00f3t ma wygl\u0105da\u0107 ?\u00a0\u00a0\u00a0\u00a0\u00a0\u00a0\u00a0\u00a0\u00a0\u00a0\u00a0\u00a0\u00a0\u00a0\u00a0\u00a0\u00a0\u00a0\u00a0\u00a0\u00a0\u00a0\u00a0\u00a0\u00a0\u00a0\u00a0\u00a0\u00a0\u00a0\u00a0\u00a0\u00a0\u00a0\u00a0\u00a0\u00a0\u00a0\u00a0\u00a0\u00a0\u00a0\u00a0\u00a0\u00a0\u00a0\u00a0\u00a0\u00a0\u00a0\u00a0\u00a0\u00a0\u00a0\u00a0\u00a0\u00a0\u00a0\u00a0\u00a0 Ile dzieci mog\u0119 przyj\u0105\u0107,\u00a0 przestrzegaj\u0105c re\u017cimu sanitarnego ?\u00a0 W jaki spos\u00f3b zorganizowa\u0107 dezynfekcje w ci\u0105gu dnia pracy z dzie\u0107mi\u00a0 zabawek i sprz\u0119t\u00f3w ? Jak zorganizowa\u0107 \u017cywienie i czy organizowa\u0107 ?<\/p>\n<p><span style=\"color: #008000\"> Maj\u0105c\u00a0\u00a0 na uwadze wiek pracownik\u00f3w pedagogicznych i nie tylko, to cz\u0119\u015b\u0107 z nich,\u00a0 zgodnie ze wspomnianym re\u017cimem sanitarnym,\u00a0 nie mo\u017ce przyst\u0105pi\u0107 do pracy.<\/span><\/p>\n<p><span style=\"color: #800080\">Czekam na Pa\u0144stwa telefony z przemy\u015bln\u0105 deklaracj\u0105 ch\u0119ci skorzystania z opieki przedszkolnej do godziny 12.30\u00a0<\/span><\/p>\n<p>Pozdrawiam serdecznie i \u017cycz\u0119 du\u017co zdrowia dyrektor plac\u00f3wki Lidia Walczak-I\u017cycka<\/p>\n<p>&nbsp;<\/p>\n","protected":false},"excerpt":{"rendered":"<p>Szanowni Pa\u0144stwo zwracam si\u0119 z zapytaniem i apeluj\u0119 o rozwa\u017cn\u0105 decyzje. Jestem w trakcie zbierania informacji dotycz\u0105cej powrotu do plac\u00f3wki od 6 maja. Rodzi si\u0119 wiele pyta\u0144, na kt\u00f3re nie [&hellip;]<\/p>\n","protected":false},"author":115,"featured_media":1304,"comment_status":"closed","ping_status":"closed","sticky":false,"template":"","format":"standard","meta":{"ngg_post_thumbnail":0,"footnotes":""},"categories":[3],"tags":[],"class_list":["post-1561","post","type-post","status-publish","format-standard","has-post-thumbnail","hentry","category-aktualnosci","clearfix"],"_links":{"self":[{"href":"https:\/\/przedszkole18.edu.wroclaw.pl\/index.php\/wp-json\/wp\/v2\/posts\/1561","targetHints":{"allow":["GET"]}}],"collection":[{"href":"https:\/\/przedszkole18.edu.wroclaw.pl\/index.php\/wp-json\/wp\/v2\/posts"}],"about":[{"href":"https:\/\/przedszkole18.edu.wroclaw.pl\/index.php\/wp-json\/wp\/v2\/types\/post"}],"author":[{"embeddable":true,"href":"https:\/\/przedszkole18.edu.wroclaw.pl\/index.php\/wp-json\/wp\/v2\/users\/115"}],"replies":[{"embeddable":true,"href":"https:\/\/przedszkole18.edu.wroclaw.pl\/index.php\/wp-json\/wp\/v2\/comments?post=1561"}],"version-history":[{"count":1,"href":"https:\/\/przedszkole18.edu.wroclaw.pl\/index.php\/wp-json\/wp\/v2\/posts\/1561\/revisions"}],"predecessor-version":[{"id":1562,"href":"https:\/\/przedszkole18.edu.wroclaw.pl\/index.php\/wp-json\/wp\/v2\/posts\/1561\/revisions\/1562"}],"wp:featuredmedia":[{"embeddable":true,"href":"https:\/\/przedszkole18.edu.wroclaw.pl\/index.php\/wp-json\/wp\/v2\/media\/1304"}],"wp:attachment":[{"href":"https:\/\/przedszkole18.edu.wroclaw.pl\/index.php\/wp-json\/wp\/v2\/media?parent=1561"}],"wp:term":[{"taxonomy":"category","embeddable":true,"href":"https:\/\/przedszkole18.edu.wroclaw.pl\/index.php\/wp-json\/wp\/v2\/categories?post=1561"},{"taxonomy":"post_tag","embeddable":true,"href":"https:\/\/przedszkole18.edu.wroclaw.pl\/index.php\/wp-json\/wp\/v2\/tags?post=1561"}],"curies":[{"name":"wp","href":"https:\/\/api.w.org\/{rel}","templated":true}]}}