
{"id":1577,"date":"2020-04-30T17:41:57","date_gmt":"2020-04-30T15:41:57","guid":{"rendered":"https:\/\/przedszkole18.edu.wroclaw.pl\/?p=1577"},"modified":"2020-04-30T17:48:25","modified_gmt":"2020-04-30T15:48:25","slug":"bialo-czerwona-majowka-z-wiolinkiem","status":"publish","type":"post","link":"https:\/\/przedszkole18.edu.wroclaw.pl\/index.php\/2020\/04\/30\/bialo-czerwona-majowka-z-wiolinkiem\/","title":{"rendered":"BIA\u0141O-CZERWONA maj\u00f3wka z Wiolinkiem!"},"content":{"rendered":"<p>Kochane Dzieciaki, Drodzy Rodzice!<\/p>\n<p>W zwi\u0105zku ze zbli\u017caj\u0105cymi si\u0119 \u015bwi\u0119tami: Dniem Flagi &#8211; 2 maja oraz \u015awi\u0119tem Konstytucji &#8211; 3 maja,<br \/>\nprzygotowali\u015bmy dla Was kilka ciekawych propozycji do wsp\u00f3lnego sp\u0119dzenia czasu:<\/p>\n<p>Poni\u017csze linki przekieruj\u0105 Was do dw\u00f3ch quiz\u00f3w, przygotowanych przez Pani\u0105 Dzidk\u0119, w kt\u00f3rych mo\u017cecie sprawdzi\u0107 swoj\u0105 wiedz\u0119 o naszym kraju.<\/p>\n<p><a href=\"https:\/\/learningapps.org\/watch?v=papo7uivt20\">https:\/\/learningapps.org\/watch?v=papo7uivt20<\/a><\/p>\n<p><a href=\"https:\/\/learningapps.org\/watch?v=po7ioav1c20\">https:\/\/learningapps.org\/watch?v=po7ioav1c20<\/a><\/p>\n<p>Je\u015bli odpowiecie na wszystkie pytania bezb\u0142\u0119dnie, na ko\u0144cu ka\u017cdego quizu pojawi si\u0119 has\u0142o, kt\u00f3re mo\u017cecie w czasie konsultacji poda\u0107 swoim Paniom i pochwali\u0107 si\u0119 wynikiem \ud83d\ude42<\/p>\n<p>W zak\u0142adce muzycznej &#8211; w folderze &#8222;piosenki&#8221; udost\u0119pnili\u015bmy r\u00f3wnie\u017c materia\u0142y do nauki piosenki o polskiej fladze.<br \/>\n(Materia\u0142y pochodz\u0105 z wydawnictwa <em>Mali Arty\u015bci, cz\u0119\u015b\u0107 5: Polak Przedszkolak<\/em>)<\/p>\n<p><a href=\"https:\/\/drive.google.com\/open?id=1hvmWuW3rxzDWGdQNo7GP3jmoSLFqLqYa\">https:\/\/drive.google.com\/open?id=1hvmWuW3rxzDWGdQNo7GP3jmoSLFqLqYa<\/a><\/p>\n<p>A na koniec: niespodzianka! Zach\u0119camy Was do wys\u0142uchania nagrania hymnu Polski &#8211; <em>Mazurka D\u0105browskiego<\/em> w wykonaniu wszystkich wiolinkowych Przedszkolak\u00f3w. Nagranie powsta\u0142o przy okazji akcji <em>Rekord dla Niepodleg\u0142ej<\/em>, kt\u00f3ra odby\u0142a si\u0119 w listopadzie 2018 roku, w ramach obchod\u00f3w 100. rocznicy odzyskania przez Polsk\u0119 niepodleg\u0142o\u015bci.<\/p>\n<audio class=\"wp-audio-shortcode\" id=\"audio-1577-1\" preload=\"none\" style=\"width: 100%;\" controls=\"controls\"><source type=\"audio\/mpeg\" src=\"https:\/\/przedszkole18.edu.wroclaw.pl\/wp-content\/uploads\/sites\/36\/2020\/04\/Hymn-Polski_Wiolinek.mp3?_=1\" \/><a href=\"https:\/\/przedszkole18.edu.wroclaw.pl\/wp-content\/uploads\/sites\/36\/2020\/04\/Hymn-Polski_Wiolinek.mp3\">https:\/\/przedszkole18.edu.wroclaw.pl\/wp-content\/uploads\/sites\/36\/2020\/04\/Hymn-Polski_Wiolinek.mp3<\/a><\/audio>\n<p>&nbsp;<\/p>\n<p>&nbsp;<\/p>\n<p>Pozdrawiamy<br \/>\nnauczyciele P-18<\/p>\n","protected":false},"excerpt":{"rendered":"<p>Kochane Dzieciaki, Drodzy Rodzice! W zwi\u0105zku ze zbli\u017caj\u0105cymi si\u0119 \u015bwi\u0119tami: Dniem Flagi &#8211; 2 maja oraz \u015awi\u0119tem Konstytucji &#8211; 3 maja, przygotowali\u015bmy dla Was kilka ciekawych propozycji do wsp\u00f3lnego sp\u0119dzenia [&hellip;]<\/p>\n","protected":false},"author":105,"featured_media":1575,"comment_status":"closed","ping_status":"closed","sticky":false,"template":"","format":"standard","meta":{"ngg_post_thumbnail":0,"footnotes":""},"categories":[3],"tags":[],"class_list":["post-1577","post","type-post","status-publish","format-standard","has-post-thumbnail","hentry","category-aktualnosci","clearfix"],"_links":{"self":[{"href":"https:\/\/przedszkole18.edu.wroclaw.pl\/index.php\/wp-json\/wp\/v2\/posts\/1577","targetHints":{"allow":["GET"]}}],"collection":[{"href":"https:\/\/przedszkole18.edu.wroclaw.pl\/index.php\/wp-json\/wp\/v2\/posts"}],"about":[{"href":"https:\/\/przedszkole18.edu.wroclaw.pl\/index.php\/wp-json\/wp\/v2\/types\/post"}],"author":[{"embeddable":true,"href":"https:\/\/przedszkole18.edu.wroclaw.pl\/index.php\/wp-json\/wp\/v2\/users\/105"}],"replies":[{"embeddable":true,"href":"https:\/\/przedszkole18.edu.wroclaw.pl\/index.php\/wp-json\/wp\/v2\/comments?post=1577"}],"version-history":[{"count":4,"href":"https:\/\/przedszkole18.edu.wroclaw.pl\/index.php\/wp-json\/wp\/v2\/posts\/1577\/revisions"}],"predecessor-version":[{"id":1584,"href":"https:\/\/przedszkole18.edu.wroclaw.pl\/index.php\/wp-json\/wp\/v2\/posts\/1577\/revisions\/1584"}],"wp:featuredmedia":[{"embeddable":true,"href":"https:\/\/przedszkole18.edu.wroclaw.pl\/index.php\/wp-json\/wp\/v2\/media\/1575"}],"wp:attachment":[{"href":"https:\/\/przedszkole18.edu.wroclaw.pl\/index.php\/wp-json\/wp\/v2\/media?parent=1577"}],"wp:term":[{"taxonomy":"category","embeddable":true,"href":"https:\/\/przedszkole18.edu.wroclaw.pl\/index.php\/wp-json\/wp\/v2\/categories?post=1577"},{"taxonomy":"post_tag","embeddable":true,"href":"https:\/\/przedszkole18.edu.wroclaw.pl\/index.php\/wp-json\/wp\/v2\/tags?post=1577"}],"curies":[{"name":"wp","href":"https:\/\/api.w.org\/{rel}","templated":true}]}}