
{"id":1664,"date":"2020-05-07T09:47:35","date_gmt":"2020-05-07T07:47:35","guid":{"rendered":"https:\/\/przedszkole18.edu.wroclaw.pl\/?p=1664"},"modified":"2020-05-07T09:47:35","modified_gmt":"2020-05-07T07:47:35","slug":"zarzadzenie-prezydenta-wroclawia","status":"publish","type":"post","link":"https:\/\/przedszkole18.edu.wroclaw.pl\/index.php\/2020\/05\/07\/zarzadzenie-prezydenta-wroclawia\/","title":{"rendered":"Zarz\u0105dzenie Prezydenta Wroc\u0142awia."},"content":{"rendered":"<p>Szanowni Pa\u0144stwo w dniu wczorajszym ukaza\u0142o si\u0119\u00a0 <span style=\"color: #800000\"><strong>Zarz\u0105dzenie\u00a0\u00a0 nr 2951\/20 Prezydenta Wroc\u0142awia<\/strong> <\/span>w sprawie wznowienia funkcjonowania przedszkoli i oddzia\u0142\u00f3w przedszkolnych w szko\u0142ach podstawowych w okresie stanu epidemii.<\/p>\n<p>W za\u0142\u0105czniku znajdziecie Pa\u0144stwo odpowiedzi na pytania, kt\u00f3re zapewne wszyscy sobie zadaj\u0105.\u00a0 Prosz\u0119 jednak wzi\u0105\u0107 pod uwag\u0119: <a href=\"https:\/\/przedszkole18.edu.wroclaw.pl\/wp-content\/uploads\/sites\/36\/2020\/05\/ZARZ\u0104DZENIE-PREZYDENTA-6-maj-2020-COVID-19.pdf\">ZARZ\u0104DZENIE PREZYDENTA 6 maj 2020 COVID-19<\/a><\/p>\n<p>1. Nie wiemy,\u00a0 kiedy si\u0119 otworzymy?<\/p>\n<p>2. Ilu rodzic\u00f3w naszych wychowank\u00f3w, b\u0119dzie spe\u0142nia\u0142o kryteria okre\u015blone w Zarz\u0105dzeniu Prezydenta ?<\/p>\n<p>Prosz\u0119 zapozna\u0107 si\u0119 z Zarz\u0105dzeniem Prezydenta Wroc\u0142awia,\u00a0 we w\u0142a\u015bciwym czasie poinformuj\u0119 o kolejnych dzia\u0142aniach.\u00a0\u00a0\u00a0\u00a0\u00a0\u00a0 W obecnej chwili przygotowuj\u0119 procedury dotycz\u0105ce bezpiecznego pobytu w plac\u00f3wce.<\/p>\n<p>Pozdrawiam serdecznie i \u017cycz\u0119 du\u017co zdrowia. Dyrektor plac\u00f3wki Lidia Walczak-I\u017cycka.<\/p>\n","protected":false},"excerpt":{"rendered":"<p>Szanowni Pa\u0144stwo w dniu wczorajszym ukaza\u0142o si\u0119\u00a0 Zarz\u0105dzenie\u00a0\u00a0 nr 2951\/20 Prezydenta Wroc\u0142awia w sprawie wznowienia funkcjonowania przedszkoli i oddzia\u0142\u00f3w przedszkolnych w szko\u0142ach podstawowych w okresie stanu epidemii. W za\u0142\u0105czniku znajdziecie [&hellip;]<\/p>\n","protected":false},"author":115,"featured_media":1620,"comment_status":"closed","ping_status":"closed","sticky":false,"template":"","format":"standard","meta":{"ngg_post_thumbnail":0,"footnotes":""},"categories":[3],"tags":[],"class_list":["post-1664","post","type-post","status-publish","format-standard","has-post-thumbnail","hentry","category-aktualnosci","clearfix"],"_links":{"self":[{"href":"https:\/\/przedszkole18.edu.wroclaw.pl\/index.php\/wp-json\/wp\/v2\/posts\/1664","targetHints":{"allow":["GET"]}}],"collection":[{"href":"https:\/\/przedszkole18.edu.wroclaw.pl\/index.php\/wp-json\/wp\/v2\/posts"}],"about":[{"href":"https:\/\/przedszkole18.edu.wroclaw.pl\/index.php\/wp-json\/wp\/v2\/types\/post"}],"author":[{"embeddable":true,"href":"https:\/\/przedszkole18.edu.wroclaw.pl\/index.php\/wp-json\/wp\/v2\/users\/115"}],"replies":[{"embeddable":true,"href":"https:\/\/przedszkole18.edu.wroclaw.pl\/index.php\/wp-json\/wp\/v2\/comments?post=1664"}],"version-history":[{"count":1,"href":"https:\/\/przedszkole18.edu.wroclaw.pl\/index.php\/wp-json\/wp\/v2\/posts\/1664\/revisions"}],"predecessor-version":[{"id":1665,"href":"https:\/\/przedszkole18.edu.wroclaw.pl\/index.php\/wp-json\/wp\/v2\/posts\/1664\/revisions\/1665"}],"wp:featuredmedia":[{"embeddable":true,"href":"https:\/\/przedszkole18.edu.wroclaw.pl\/index.php\/wp-json\/wp\/v2\/media\/1620"}],"wp:attachment":[{"href":"https:\/\/przedszkole18.edu.wroclaw.pl\/index.php\/wp-json\/wp\/v2\/media?parent=1664"}],"wp:term":[{"taxonomy":"category","embeddable":true,"href":"https:\/\/przedszkole18.edu.wroclaw.pl\/index.php\/wp-json\/wp\/v2\/categories?post=1664"},{"taxonomy":"post_tag","embeddable":true,"href":"https:\/\/przedszkole18.edu.wroclaw.pl\/index.php\/wp-json\/wp\/v2\/tags?post=1664"}],"curies":[{"name":"wp","href":"https:\/\/api.w.org\/{rel}","templated":true}]}}