
{"id":1682,"date":"2020-05-08T00:16:07","date_gmt":"2020-05-07T22:16:07","guid":{"rendered":"https:\/\/przedszkole18.edu.wroclaw.pl\/?p=1682"},"modified":"2020-05-08T10:07:21","modified_gmt":"2020-05-08T08:07:21","slug":"procedury-bezpieczenstwa-obowiazujace-w-czasie-trwania-epidemii","status":"publish","type":"post","link":"https:\/\/przedszkole18.edu.wroclaw.pl\/index.php\/2020\/05\/08\/procedury-bezpieczenstwa-obowiazujace-w-czasie-trwania-epidemii\/","title":{"rendered":"Procedury bezpiecze\u0144stwa obowi\u0105zuj\u0105ce w czasie trwania epidemii."},"content":{"rendered":"<p>Szanowni Pa\u0144stwo,\u00a0 prosz\u0119 o zapoznanie si\u0119 z obowi\u0105zuj\u0105cymi\u00a0 w plac\u00f3wce dokumentami, powsta\u0142ymi\u00a0 w oparciu o <span style=\"color: #800000\">Zarz\u0105dzenie nr 2951\/20<\/span> <span style=\"color: #008000\">Prezydenta Wroc\u0142awia z dnia 06 maja 2020 r.\u00a0 <span style=\"color: #000000\">Pozdrawiam i \u017cycz\u0119 du\u017co zdrowia. Dyrektor plac\u00f3wki. Lidia Walczak-I\u017cycka\u00a0\u00a0<\/span><\/span><\/p>\n<p><a href=\"https:\/\/przedszkole18.edu.wroclaw.pl\/wp-content\/uploads\/sites\/36\/2020\/05\/Procedura-bezpiecze\u0144stwa-obowi\u0105zuj\u0105ca-w-Przedszkolu-nr-18-w-czasie-trwania-epidemii..doc\">Procedura bezpiecze\u0144stwa obowi\u0105zuj\u0105ca w Przedszkolu nr 18 w czasie trwania epidemii.<\/a><\/p>\n<p><a href=\"https:\/\/przedszkole18.edu.wroclaw.pl\/wp-content\/uploads\/sites\/36\/2020\/05\/Procedura-przyprowadzania-i-odbioru-dziecka-wy\u0142\u0105cznie-przez-rodzica-prwnego-opiekuna.doc\">Procedura przyprowadzania i odbioru dziecka wy\u0142\u0105cznie przez rodzica- prwnego opiekuna <\/a><\/p>\n<p><a href=\"https:\/\/przedszkole18.edu.wroclaw.pl\/wp-content\/uploads\/sites\/36\/2020\/05\/Procedura-post\u0119powania-na-wypadek-podejrzenia-zaka\u017cenia.doc\">Procedura post\u0119powania na wypadek podejrzenia zaka\u017cenia <\/a><\/p>\n<p><a href=\"https:\/\/przedszkole18.edu.wroclaw.pl\/wp-content\/uploads\/sites\/36\/2020\/05\/Procedura-szybkiej-\u015bcie\u017cki-komunikacji-z-rodziecami.doc\">Procedura szybkiej \u015bcie\u017cki komunikacji z rodziecami<\/a><\/p>\n<p><a href=\"https:\/\/przedszkole18.edu.wroclaw.pl\/wp-content\/uploads\/sites\/36\/2020\/05\/Procedura-przebywania-dziecka-na-\u015bwie\u017cym-powietrzu-w-czasie-epidemii.doc\">Procedura przebywania dziecka na \u015bwie\u017cym powietrzu w czasie epidemii<\/a><\/p>\n<p>&nbsp;<\/p>\n<p>&nbsp;<\/p>\n<p>&nbsp;<\/p>\n","protected":false},"excerpt":{"rendered":"<p>Szanowni Pa\u0144stwo,\u00a0 prosz\u0119 o zapoznanie si\u0119 z obowi\u0105zuj\u0105cymi\u00a0 w plac\u00f3wce dokumentami, powsta\u0142ymi\u00a0 w oparciu o Zarz\u0105dzenie nr 2951\/20 Prezydenta Wroc\u0142awia z dnia 06 maja 2020 r.\u00a0 Pozdrawiam i \u017cycz\u0119 du\u017co [&hellip;]<\/p>\n","protected":false},"author":115,"featured_media":629,"comment_status":"closed","ping_status":"closed","sticky":false,"template":"","format":"standard","meta":{"ngg_post_thumbnail":0,"footnotes":""},"categories":[3],"tags":[],"class_list":["post-1682","post","type-post","status-publish","format-standard","has-post-thumbnail","hentry","category-aktualnosci","clearfix"],"_links":{"self":[{"href":"https:\/\/przedszkole18.edu.wroclaw.pl\/index.php\/wp-json\/wp\/v2\/posts\/1682","targetHints":{"allow":["GET"]}}],"collection":[{"href":"https:\/\/przedszkole18.edu.wroclaw.pl\/index.php\/wp-json\/wp\/v2\/posts"}],"about":[{"href":"https:\/\/przedszkole18.edu.wroclaw.pl\/index.php\/wp-json\/wp\/v2\/types\/post"}],"author":[{"embeddable":true,"href":"https:\/\/przedszkole18.edu.wroclaw.pl\/index.php\/wp-json\/wp\/v2\/users\/115"}],"replies":[{"embeddable":true,"href":"https:\/\/przedszkole18.edu.wroclaw.pl\/index.php\/wp-json\/wp\/v2\/comments?post=1682"}],"version-history":[{"count":5,"href":"https:\/\/przedszkole18.edu.wroclaw.pl\/index.php\/wp-json\/wp\/v2\/posts\/1682\/revisions"}],"predecessor-version":[{"id":1691,"href":"https:\/\/przedszkole18.edu.wroclaw.pl\/index.php\/wp-json\/wp\/v2\/posts\/1682\/revisions\/1691"}],"wp:featuredmedia":[{"embeddable":true,"href":"https:\/\/przedszkole18.edu.wroclaw.pl\/index.php\/wp-json\/wp\/v2\/media\/629"}],"wp:attachment":[{"href":"https:\/\/przedszkole18.edu.wroclaw.pl\/index.php\/wp-json\/wp\/v2\/media?parent=1682"}],"wp:term":[{"taxonomy":"category","embeddable":true,"href":"https:\/\/przedszkole18.edu.wroclaw.pl\/index.php\/wp-json\/wp\/v2\/categories?post=1682"},{"taxonomy":"post_tag","embeddable":true,"href":"https:\/\/przedszkole18.edu.wroclaw.pl\/index.php\/wp-json\/wp\/v2\/tags?post=1682"}],"curies":[{"name":"wp","href":"https:\/\/api.w.org\/{rel}","templated":true}]}}