
{"id":1762,"date":"2020-05-12T00:10:00","date_gmt":"2020-05-11T22:10:00","guid":{"rendered":"https:\/\/przedszkole18.edu.wroclaw.pl\/?p=1762"},"modified":"2020-05-12T00:10:00","modified_gmt":"2020-05-11T22:10:00","slug":"szanowni-panstwo-4","status":"publish","type":"post","link":"https:\/\/przedszkole18.edu.wroclaw.pl\/index.php\/2020\/05\/12\/szanowni-panstwo-4\/","title":{"rendered":"Szanowni Pa\u0144stwo!"},"content":{"rendered":"<p><span style=\"color: #ff0000\"><em><strong>Propozycja pracy\u00a0 plac\u00f3wki w dniach od 11-15 maja 2020 r.<\/strong><\/em><\/span><\/p>\n<p>W czwartek zamie\u015bci\u0142am Pa\u0144stwu <span style=\"color: #000000\"><strong>Zarz\u0105dzenie Prezydenta Wroc\u0142awia<\/strong>,<\/span> zawieraj\u0105ce informacje dotycz\u0105ce zasad i mo\u017cliwo\u015bci funkcjonowania w czasie epidemii . Za\u0142\u0105czy\u0142am do zapoznania i wiadomo\u015bci Pa\u0144stwa , wszystkie obowi\u0105zuj\u0105ce w plac\u00f3wce procedury bezpiecze\u0144stwa, kt\u00f3re zobowi\u0105zani jeste\u015bmy wszyscy zna\u0107 i stosowa\u0107.<\/p>\n<p><em><strong><span style=\"color: #000080\">Szanowni Pa\u0144stwo,\u00a0 jestem zwolenniczk\u0105 powolnego powrotu i sprawdzania w praktycznym dzia\u0142aniu realizacji tego, co b\u0119dzie konieczne, by wszyscy mogli\u00a0 bezpiecznie bawi\u0107 si\u0119 i pracowa\u0107.\u00a0\u00a0<\/span><\/strong><\/em><\/p>\n<p><span style=\"color: #003300\">Na dzie\u0144 dzisiejszy otrzyma\u0142am 5 zg\u0142osze\u0144 od rodzic\u00f3w, chc\u0105cych przyprowadzi\u0107\u00a0 dzieci\u00a0 do plac\u00f3wki funkcjonuj\u0105cej w zalecanym re\u017cimie sanitarnym. Wszystkich zg\u0142oszonych uprzedzi\u0142am i\u017c przedszkole nie mo\u017ce zaoferowa\u0107 \u017cywienia z uwagi na braki\u00a0 personelu\u00a0 technicznego, dzieci zatem przyjd\u0105 po \u015bniadaniu, a rodzice zapewni\u0105 im suchy prowiant.\u00a0 Praca w godzinach 7.30-16.00\u00a0<\/span><\/p>\n<p>Je\u017celi jeszcze kto\u015b\u00a0 z Pa\u0144stwa,\u00a0 jest w pilnej potrzebie\u00a0 i spe\u0142nia wskazane z Zarz\u0105dzeniu Prezydenta kryteria, to zapraszam do kontaktu, prosz\u0119 pami\u0119ta\u0107 o znajomo\u015bci procedur i za\u0142\u0105cznikach, kt\u00f3re musz\u0105 zosta\u0107 przekazane do plac\u00f3wki. Ka\u017cde zg\u0142oszenie powinno by\u0107 wcze\u015bniej uzgodnione telefonicznie.<\/p>\n<p><span style=\"color: #800000\"><em>Dzi\u0119kuj\u0119 za ostro\u017cno\u015b\u0107 i rozwag\u0119 w podejmowaniu decyzji. Pozdrawia serdecznie i \u017cycz\u0119 du\u017co zdrowia. Lidia Walczak-I\u017cycka<\/em><\/span><\/p>\n","protected":false},"excerpt":{"rendered":"<p>Propozycja pracy\u00a0 plac\u00f3wki w dniach od 11-15 maja 2020 r. W czwartek zamie\u015bci\u0142am Pa\u0144stwu Zarz\u0105dzenie Prezydenta Wroc\u0142awia, zawieraj\u0105ce informacje dotycz\u0105ce zasad i mo\u017cliwo\u015bci funkcjonowania w czasie epidemii . Za\u0142\u0105czy\u0142am do [&hellip;]<\/p>\n","protected":false},"author":115,"featured_media":1759,"comment_status":"closed","ping_status":"closed","sticky":false,"template":"","format":"standard","meta":{"ngg_post_thumbnail":0,"footnotes":""},"categories":[3],"tags":[],"class_list":["post-1762","post","type-post","status-publish","format-standard","has-post-thumbnail","hentry","category-aktualnosci","clearfix"],"_links":{"self":[{"href":"https:\/\/przedszkole18.edu.wroclaw.pl\/index.php\/wp-json\/wp\/v2\/posts\/1762","targetHints":{"allow":["GET"]}}],"collection":[{"href":"https:\/\/przedszkole18.edu.wroclaw.pl\/index.php\/wp-json\/wp\/v2\/posts"}],"about":[{"href":"https:\/\/przedszkole18.edu.wroclaw.pl\/index.php\/wp-json\/wp\/v2\/types\/post"}],"author":[{"embeddable":true,"href":"https:\/\/przedszkole18.edu.wroclaw.pl\/index.php\/wp-json\/wp\/v2\/users\/115"}],"replies":[{"embeddable":true,"href":"https:\/\/przedszkole18.edu.wroclaw.pl\/index.php\/wp-json\/wp\/v2\/comments?post=1762"}],"version-history":[{"count":1,"href":"https:\/\/przedszkole18.edu.wroclaw.pl\/index.php\/wp-json\/wp\/v2\/posts\/1762\/revisions"}],"predecessor-version":[{"id":1763,"href":"https:\/\/przedszkole18.edu.wroclaw.pl\/index.php\/wp-json\/wp\/v2\/posts\/1762\/revisions\/1763"}],"wp:featuredmedia":[{"embeddable":true,"href":"https:\/\/przedszkole18.edu.wroclaw.pl\/index.php\/wp-json\/wp\/v2\/media\/1759"}],"wp:attachment":[{"href":"https:\/\/przedszkole18.edu.wroclaw.pl\/index.php\/wp-json\/wp\/v2\/media?parent=1762"}],"wp:term":[{"taxonomy":"category","embeddable":true,"href":"https:\/\/przedszkole18.edu.wroclaw.pl\/index.php\/wp-json\/wp\/v2\/categories?post=1762"},{"taxonomy":"post_tag","embeddable":true,"href":"https:\/\/przedszkole18.edu.wroclaw.pl\/index.php\/wp-json\/wp\/v2\/tags?post=1762"}],"curies":[{"name":"wp","href":"https:\/\/api.w.org\/{rel}","templated":true}]}}