
{"id":1837,"date":"2020-05-18T13:24:35","date_gmt":"2020-05-18T11:24:35","guid":{"rendered":"https:\/\/przedszkole18.edu.wroclaw.pl\/?p=1837"},"modified":"2020-05-18T13:24:35","modified_gmt":"2020-05-18T11:24:35","slug":"drodzy-panstwo","status":"publish","type":"post","link":"https:\/\/przedszkole18.edu.wroclaw.pl\/index.php\/2020\/05\/18\/drodzy-panstwo\/","title":{"rendered":"Drodzy Pa\u0144stwo!"},"content":{"rendered":"<p><span style=\"color: #800000\">Drodzy Pa\u0144stwo, zgodnie z\u00a0 zapowiedzi\u0105 informuj\u0119 o pracy w bie\u017c\u0105cym tygodniu.<\/span><\/p>\n<p>W dniach od <span style=\"color: #008000\">18\u00a0 &#8211; 22 .05.2020 r.<\/span>\u00a0 Do plac\u00f3wki zg\u0142osi\u0142o si\u0119 7 dzieci , kt\u00f3rych rodzice spe\u0142niaj\u0105 kryteria, zawarte w <span style=\"color: #008000\">Zarz\u0105dzeniu Prezydenta Wroc\u0142awia z dnia 6 maja 2020 roku.<\/span> Z uwagi na tak ma\u0142\u0105 ilo\u015b\u0107 dzieci i brak personelu\u00a0 kuchennego, dzieci maj\u0105 zapewniony przez rodzic\u00f3w suchy prowiant. Wszyscy staramy si\u0119 przepracowywa\u0107\u00a0 obowi\u0105zuj\u0105ce w plac\u00f3wce procedury bezpiecze\u0144stwa i jednocze\u015bnie staramy si\u0119, by dzieci czu\u0142y si\u0119 dobrze i bezpiecznie w tych niecodziennych dla rzeczywisto\u015bci przedszkolnej warunkach.<\/p>\n<p>Nadal pracujemy na stronie internetowej plac\u00f3wki, na kt\u00f3r\u0105 bardzo\u00a0 zapraszam.\u00a0 Zak\u0142adki poszczeg\u00f3lnych grup, edukacja muzyczna, logopeda czekaj\u0105 na pa\u0144stwa wirtualne odwiedziny. <span style=\"color: #008000\">Mo\u017cna si\u0119 z nami skontaktowa\u0107 telefonicznie lub\u00a0 przez e-mail. \u00a0<\/span><\/p>\n<p><em><strong>Pozdrawiam serdecznie wszystkie dzieci i rodzic\u00f3w.\u00a0 \u017bycz\u0119 du\u017co zdrowia i cierpliwo\u015bci<\/strong><\/em><\/p>\n<p><em><strong> <span style=\"color: #0000ff\">JESZCZE B\u0118DZIE NORMALNIE.<\/span> <\/strong><\/em><\/p>\n<p>&nbsp;<\/p>\n<p>&nbsp;<\/p>\n","protected":false},"excerpt":{"rendered":"<p>Drodzy Pa\u0144stwo, zgodnie z\u00a0 zapowiedzi\u0105 informuj\u0119 o pracy w bie\u017c\u0105cym tygodniu. W dniach od 18\u00a0 &#8211; 22 .05.2020 r.\u00a0 Do plac\u00f3wki zg\u0142osi\u0142o si\u0119 7 dzieci , kt\u00f3rych rodzice spe\u0142niaj\u0105 kryteria, [&hellip;]<\/p>\n","protected":false},"author":115,"featured_media":1808,"comment_status":"closed","ping_status":"closed","sticky":false,"template":"","format":"standard","meta":{"ngg_post_thumbnail":0,"footnotes":""},"categories":[3],"tags":[],"class_list":["post-1837","post","type-post","status-publish","format-standard","has-post-thumbnail","hentry","category-aktualnosci","clearfix"],"_links":{"self":[{"href":"https:\/\/przedszkole18.edu.wroclaw.pl\/index.php\/wp-json\/wp\/v2\/posts\/1837","targetHints":{"allow":["GET"]}}],"collection":[{"href":"https:\/\/przedszkole18.edu.wroclaw.pl\/index.php\/wp-json\/wp\/v2\/posts"}],"about":[{"href":"https:\/\/przedszkole18.edu.wroclaw.pl\/index.php\/wp-json\/wp\/v2\/types\/post"}],"author":[{"embeddable":true,"href":"https:\/\/przedszkole18.edu.wroclaw.pl\/index.php\/wp-json\/wp\/v2\/users\/115"}],"replies":[{"embeddable":true,"href":"https:\/\/przedszkole18.edu.wroclaw.pl\/index.php\/wp-json\/wp\/v2\/comments?post=1837"}],"version-history":[{"count":1,"href":"https:\/\/przedszkole18.edu.wroclaw.pl\/index.php\/wp-json\/wp\/v2\/posts\/1837\/revisions"}],"predecessor-version":[{"id":1838,"href":"https:\/\/przedszkole18.edu.wroclaw.pl\/index.php\/wp-json\/wp\/v2\/posts\/1837\/revisions\/1838"}],"wp:featuredmedia":[{"embeddable":true,"href":"https:\/\/przedszkole18.edu.wroclaw.pl\/index.php\/wp-json\/wp\/v2\/media\/1808"}],"wp:attachment":[{"href":"https:\/\/przedszkole18.edu.wroclaw.pl\/index.php\/wp-json\/wp\/v2\/media?parent=1837"}],"wp:term":[{"taxonomy":"category","embeddable":true,"href":"https:\/\/przedszkole18.edu.wroclaw.pl\/index.php\/wp-json\/wp\/v2\/categories?post=1837"},{"taxonomy":"post_tag","embeddable":true,"href":"https:\/\/przedszkole18.edu.wroclaw.pl\/index.php\/wp-json\/wp\/v2\/tags?post=1837"}],"curies":[{"name":"wp","href":"https:\/\/api.w.org\/{rel}","templated":true}]}}