
{"id":1851,"date":"2020-05-19T09:08:32","date_gmt":"2020-05-19T07:08:32","guid":{"rendered":"https:\/\/przedszkole18.edu.wroclaw.pl\/?p=1851"},"modified":"2020-05-19T09:08:32","modified_gmt":"2020-05-19T07:08:32","slug":"nowe-informacje","status":"publish","type":"post","link":"https:\/\/przedszkole18.edu.wroclaw.pl\/index.php\/2020\/05\/19\/nowe-informacje\/","title":{"rendered":"Nowe informacje!"},"content":{"rendered":"<p>Szanowni Pa\u0144stwo w dniu wczorajszym opublikowano aktualizacj\u0119 Zarz\u0105dzenia Prezydenta Wroc\u0142awia z dnia 6 maja. Zmiany dotycz\u0105 mo\u017cliwo\u015bci odbierania z plac\u00f3wki dzieci nie tylko przez rodzica, ale te\u017c przez inne upowa\u017cnione przez rodzica osoby. Prosz\u0119 o zapoznanie si\u0119 z za\u0142\u0105cznikami. Pozdrawiam serdecznie. Lidia Walczak-I\u017cycka<\/p>\n<p><a href=\"https:\/\/przedszkole18.edu.wroclaw.pl\/wp-content\/uploads\/sites\/36\/2020\/05\/Zarz\u0105dzenie-Prezydenta-2.pdf\">Zarz\u0105dzenie Prezydenta (2)<\/a><\/p>\n<p><a href=\"https:\/\/przedszkole18.edu.wroclaw.pl\/wp-content\/uploads\/sites\/36\/2020\/05\/Aktualizacja-Za\u0142\u0105cznika-nr-2-do-Zarz\u0105dzenia-nr-295120-Prezydenta-Wroc\u0142awia.docx\">Aktualizacja Za\u0142\u0105cznika nr 2 do Zarz\u0105dzenia nr 295120 Prezydenta Wroc\u0142awia<\/a><\/p>\n","protected":false},"excerpt":{"rendered":"<p>Szanowni Pa\u0144stwo w dniu wczorajszym opublikowano aktualizacj\u0119 Zarz\u0105dzenia Prezydenta Wroc\u0142awia z dnia 6 maja. Zmiany dotycz\u0105 mo\u017cliwo\u015bci odbierania z plac\u00f3wki dzieci nie tylko przez rodzica, ale te\u017c przez inne upowa\u017cnione [&hellip;]<\/p>\n","protected":false},"author":115,"featured_media":964,"comment_status":"closed","ping_status":"closed","sticky":false,"template":"","format":"standard","meta":{"ngg_post_thumbnail":0,"footnotes":""},"categories":[3],"tags":[],"class_list":["post-1851","post","type-post","status-publish","format-standard","has-post-thumbnail","hentry","category-aktualnosci","clearfix"],"_links":{"self":[{"href":"https:\/\/przedszkole18.edu.wroclaw.pl\/index.php\/wp-json\/wp\/v2\/posts\/1851","targetHints":{"allow":["GET"]}}],"collection":[{"href":"https:\/\/przedszkole18.edu.wroclaw.pl\/index.php\/wp-json\/wp\/v2\/posts"}],"about":[{"href":"https:\/\/przedszkole18.edu.wroclaw.pl\/index.php\/wp-json\/wp\/v2\/types\/post"}],"author":[{"embeddable":true,"href":"https:\/\/przedszkole18.edu.wroclaw.pl\/index.php\/wp-json\/wp\/v2\/users\/115"}],"replies":[{"embeddable":true,"href":"https:\/\/przedszkole18.edu.wroclaw.pl\/index.php\/wp-json\/wp\/v2\/comments?post=1851"}],"version-history":[{"count":1,"href":"https:\/\/przedszkole18.edu.wroclaw.pl\/index.php\/wp-json\/wp\/v2\/posts\/1851\/revisions"}],"predecessor-version":[{"id":1852,"href":"https:\/\/przedszkole18.edu.wroclaw.pl\/index.php\/wp-json\/wp\/v2\/posts\/1851\/revisions\/1852"}],"wp:featuredmedia":[{"embeddable":true,"href":"https:\/\/przedszkole18.edu.wroclaw.pl\/index.php\/wp-json\/wp\/v2\/media\/964"}],"wp:attachment":[{"href":"https:\/\/przedszkole18.edu.wroclaw.pl\/index.php\/wp-json\/wp\/v2\/media?parent=1851"}],"wp:term":[{"taxonomy":"category","embeddable":true,"href":"https:\/\/przedszkole18.edu.wroclaw.pl\/index.php\/wp-json\/wp\/v2\/categories?post=1851"},{"taxonomy":"post_tag","embeddable":true,"href":"https:\/\/przedszkole18.edu.wroclaw.pl\/index.php\/wp-json\/wp\/v2\/tags?post=1851"}],"curies":[{"name":"wp","href":"https:\/\/api.w.org\/{rel}","templated":true}]}}