
{"id":1853,"date":"2020-05-19T09:57:37","date_gmt":"2020-05-19T07:57:37","guid":{"rendered":"https:\/\/przedszkole18.edu.wroclaw.pl\/?p=1853"},"modified":"2020-05-19T09:57:37","modified_gmt":"2020-05-19T07:57:37","slug":"prosba","status":"publish","type":"post","link":"https:\/\/przedszkole18.edu.wroclaw.pl\/index.php\/2020\/05\/19\/prosba\/","title":{"rendered":"Pro\u015bba !"},"content":{"rendered":"<p><span style=\"font-size: 18pt;color: #000000\">Drogi rodzicu,<\/span><\/p>\n<p><span style=\"font-size: 18pt;color: #000000\"> je\u017celi masz czas i chcesz pom\u00f3c pisz\u0105cym prac\u0119 studentom,\u00a0 wype\u0142nij ankiet\u0119\u00a0 dotycz\u0105c\u0105 neofobii \u017cywieniowej u dzieci w wieku 3 &#8211; 6 lat.<\/span><\/p>\n<p>&nbsp;<\/p>\n<p><strong><span style=\"font-size: 18pt;color: #000000\">Link do ankiety:<\/span><\/strong><\/p>\n<p><span style=\"font-size: 18pt\"><a href=\"https:\/\/docs.google.com\/forms\/d\/e\/1FAIpQLSeEAaFGiX3f_2xoIN-hr3evxihm36uxHrlmEhmh_Q7z248kcg\/viewform?vc=0&amp;c=0&amp;w=1&amp;fbclid=IwAR1BDEmVNDsNAIAmV4aHg-hHDNJwgMIbXb-PZQ6-By-nloZdrpCxH78ufNc\">https:\/\/docs.google.com\/forms\/d\/e\/1FAIpQLSeEAaFGiX3f_2xoIN-hr3evxihm36uxHrlmEhmh_Q7z248kcg\/viewform?vc=0&amp;c=0&amp;w=1&amp;fbclid=IwAR1BDEmVNDsNAIAmV4aHg-hHDNJwgMIbXb-PZQ6-By-nloZdrpCxH78ufNc<\/a><\/span><\/p>\n<p>&nbsp;<\/p>\n<p>&nbsp;<\/p>\n<p><span style=\"font-size: 18pt;color: #000000\"><strong><span style=\"color: #008000\">Neofobia \u017cywieniowa<\/span> jest postaw\u0105 cechuj\u0105c\u0105 si\u0119 niech\u0119ci\u0105 wobec nowych potraw lub smak\u00f3w. Jest naturalnym elementem rozwoju dziecka, jednak trwaj\u0105ca zbyt d\u0142ugo mo\u017ce przybra\u0107 form\u0119 zaburzenia od\u017cywiania. Wp\u0142yw na to zjawisko wywieraj\u0105 czynniki r\u00f3\u017cnego pochodzenia, m.i. postawa rodzic\u00f3w. Poni\u017csza ankieta ma na celu pomoc w zbadaniu zale\u017cno\u015bci pomi\u0119dzy zachowaniami \u017cywieniowymi rodzic\u00f3w oraz ich dzieci. Ankieta powsta\u0142a w oparciu o skal\u0119 FNS stworzon\u0105 przez P. Pliner i K. Hobden.<\/strong><\/span><\/p>\n<p>&nbsp;<\/p>\n<p><span style=\"font-size: 18pt;color: #000000\">Ankieta ma na celu zbadanie zjawiska neofobii \u017cywieniowej u dzieci w wieku 3-6 lat oraz zbadanie zale\u017cno\u015bci pomi\u0119dzy zachowaniami \u017cywieniowymi rodzic\u00f3w i uch dzieci. Ankieta jest anonimowa, a dane z niej pozyskane zostan\u0105 wykorzystane w badaniach naukowych.<\/span><\/p>\n<p>&nbsp;<\/p>\n<p>&nbsp;<\/p>\n<p style=\"text-align: right\"><span style=\"font-size: 18pt\">Pozdrawiam i dzi\u0119kuj\u0119 w imieniu\u00a0 autora.<\/span><\/p>\n<p>&nbsp;<\/p>\n","protected":false},"excerpt":{"rendered":"<p>Drogi rodzicu, je\u017celi masz czas i chcesz pom\u00f3c pisz\u0105cym prac\u0119 studentom,\u00a0 wype\u0142nij ankiet\u0119\u00a0 dotycz\u0105c\u0105 neofobii \u017cywieniowej u dzieci w wieku 3 &#8211; 6 lat. &nbsp; Link do ankiety: https:\/\/docs.google.com\/forms\/d\/e\/1FAIpQLSeEAaFGiX3f_2xoIN-hr3evxihm36uxHrlmEhmh_Q7z248kcg\/viewform?vc=0&amp;c=0&amp;w=1&amp;fbclid=IwAR1BDEmVNDsNAIAmV4aHg-hHDNJwgMIbXb-PZQ6-By-nloZdrpCxH78ufNc &nbsp; [&hellip;]<\/p>\n","protected":false},"author":115,"featured_media":1859,"comment_status":"closed","ping_status":"closed","sticky":false,"template":"","format":"standard","meta":{"ngg_post_thumbnail":0,"footnotes":""},"categories":[3],"tags":[],"class_list":["post-1853","post","type-post","status-publish","format-standard","has-post-thumbnail","hentry","category-aktualnosci","clearfix"],"_links":{"self":[{"href":"https:\/\/przedszkole18.edu.wroclaw.pl\/index.php\/wp-json\/wp\/v2\/posts\/1853","targetHints":{"allow":["GET"]}}],"collection":[{"href":"https:\/\/przedszkole18.edu.wroclaw.pl\/index.php\/wp-json\/wp\/v2\/posts"}],"about":[{"href":"https:\/\/przedszkole18.edu.wroclaw.pl\/index.php\/wp-json\/wp\/v2\/types\/post"}],"author":[{"embeddable":true,"href":"https:\/\/przedszkole18.edu.wroclaw.pl\/index.php\/wp-json\/wp\/v2\/users\/115"}],"replies":[{"embeddable":true,"href":"https:\/\/przedszkole18.edu.wroclaw.pl\/index.php\/wp-json\/wp\/v2\/comments?post=1853"}],"version-history":[{"count":2,"href":"https:\/\/przedszkole18.edu.wroclaw.pl\/index.php\/wp-json\/wp\/v2\/posts\/1853\/revisions"}],"predecessor-version":[{"id":1860,"href":"https:\/\/przedszkole18.edu.wroclaw.pl\/index.php\/wp-json\/wp\/v2\/posts\/1853\/revisions\/1860"}],"wp:featuredmedia":[{"embeddable":true,"href":"https:\/\/przedszkole18.edu.wroclaw.pl\/index.php\/wp-json\/wp\/v2\/media\/1859"}],"wp:attachment":[{"href":"https:\/\/przedszkole18.edu.wroclaw.pl\/index.php\/wp-json\/wp\/v2\/media?parent=1853"}],"wp:term":[{"taxonomy":"category","embeddable":true,"href":"https:\/\/przedszkole18.edu.wroclaw.pl\/index.php\/wp-json\/wp\/v2\/categories?post=1853"},{"taxonomy":"post_tag","embeddable":true,"href":"https:\/\/przedszkole18.edu.wroclaw.pl\/index.php\/wp-json\/wp\/v2\/tags?post=1853"}],"curies":[{"name":"wp","href":"https:\/\/api.w.org\/{rel}","templated":true}]}}