
{"id":1971,"date":"2020-06-01T14:49:32","date_gmt":"2020-06-01T12:49:32","guid":{"rendered":"https:\/\/przedszkole18.edu.wroclaw.pl\/?p=1971"},"modified":"2020-06-01T14:49:32","modified_gmt":"2020-06-01T12:49:32","slug":"drodzy-panstwo-2","status":"publish","type":"post","link":"https:\/\/przedszkole18.edu.wroclaw.pl\/index.php\/2020\/06\/01\/drodzy-panstwo-2\/","title":{"rendered":"Drodzy Pa\u0144stwo!"},"content":{"rendered":"<p><em><span style=\"color: #800000\"><strong>Drodzy rodzice !<\/strong><\/span> <\/em><\/p>\n<p><em><span style=\"color: #800080\">Od 01 czerwca uruchomiono, \u00a0 ca\u0142odzienne wy\u017cywienie dla dzieci przebywaj\u0105cych w plac\u00f3wce. Na t\u0119 chwil\u0119,\u00a0 zg\u0142oszono do przedszkola\u00a0 &#8211;\u00a0 14 dzieci, kt\u00f3rych rodzice spe\u0142niaj\u0105 kryteria wydane przez\u00a0 Prezydenta Wroc\u0142awia w Zarz\u0105dzeniu z\u00a0 <\/span><\/em><em><span style=\"color: #800080\">06 maja 2020 rok.\u00a0<\/span> <\/em><\/p>\n<p><span style=\"color: #339966\"><em>Przedszkole pracuje w obowi\u0105zuj\u0105cym re\u017cimie sanitarnym, a wszyscy pracownicy i rodzice s\u0105 zobowi\u0105zani do ich znania i przestrzegania.\u00a0 Z obserwacji jakie czyni\u0119 wynika, \u017ce dzieci czuj\u0105 si\u0119 bezpiecznie i dobrze co cieszy wszystkich.\u00a0<\/em><\/span><\/p>\n<p><strong><em><span style=\"color: #3366ff\">Ka\u017cdy powr\u00f3t do przedszkola,\u00a0 prosz\u0119 konsultowa\u0107 z dyrektorem plac\u00f3wki w celu wyja\u015bnienia w\u0105tpliwo\u015bci i uzyskania dodatkowych , wa\u017cnych informacji. Tel: 728 520 159\u00a0<\/span> <\/em><\/strong><\/p>\n<p><em><span style=\"color: #808000\">Pozdrawiam serdecznie i \u017cycz\u0119 du\u017co zdrowia. Lidia Walczak-I\u017cycka<\/span> <\/em><\/p>\n<p>&nbsp;<\/p>\n","protected":false},"excerpt":{"rendered":"<p>Drodzy rodzice ! Od 01 czerwca uruchomiono, \u00a0 ca\u0142odzienne wy\u017cywienie dla dzieci przebywaj\u0105cych w plac\u00f3wce. Na t\u0119 chwil\u0119,\u00a0 zg\u0142oszono do przedszkola\u00a0 &#8211;\u00a0 14 dzieci, kt\u00f3rych rodzice spe\u0142niaj\u0105 kryteria wydane przez\u00a0 [&hellip;]<\/p>\n","protected":false},"author":115,"featured_media":1759,"comment_status":"closed","ping_status":"closed","sticky":false,"template":"","format":"standard","meta":{"ngg_post_thumbnail":0,"footnotes":""},"categories":[3],"tags":[],"class_list":["post-1971","post","type-post","status-publish","format-standard","has-post-thumbnail","hentry","category-aktualnosci","clearfix"],"_links":{"self":[{"href":"https:\/\/przedszkole18.edu.wroclaw.pl\/index.php\/wp-json\/wp\/v2\/posts\/1971","targetHints":{"allow":["GET"]}}],"collection":[{"href":"https:\/\/przedszkole18.edu.wroclaw.pl\/index.php\/wp-json\/wp\/v2\/posts"}],"about":[{"href":"https:\/\/przedszkole18.edu.wroclaw.pl\/index.php\/wp-json\/wp\/v2\/types\/post"}],"author":[{"embeddable":true,"href":"https:\/\/przedszkole18.edu.wroclaw.pl\/index.php\/wp-json\/wp\/v2\/users\/115"}],"replies":[{"embeddable":true,"href":"https:\/\/przedszkole18.edu.wroclaw.pl\/index.php\/wp-json\/wp\/v2\/comments?post=1971"}],"version-history":[{"count":1,"href":"https:\/\/przedszkole18.edu.wroclaw.pl\/index.php\/wp-json\/wp\/v2\/posts\/1971\/revisions"}],"predecessor-version":[{"id":1972,"href":"https:\/\/przedszkole18.edu.wroclaw.pl\/index.php\/wp-json\/wp\/v2\/posts\/1971\/revisions\/1972"}],"wp:featuredmedia":[{"embeddable":true,"href":"https:\/\/przedszkole18.edu.wroclaw.pl\/index.php\/wp-json\/wp\/v2\/media\/1759"}],"wp:attachment":[{"href":"https:\/\/przedszkole18.edu.wroclaw.pl\/index.php\/wp-json\/wp\/v2\/media?parent=1971"}],"wp:term":[{"taxonomy":"category","embeddable":true,"href":"https:\/\/przedszkole18.edu.wroclaw.pl\/index.php\/wp-json\/wp\/v2\/categories?post=1971"},{"taxonomy":"post_tag","embeddable":true,"href":"https:\/\/przedszkole18.edu.wroclaw.pl\/index.php\/wp-json\/wp\/v2\/tags?post=1971"}],"curies":[{"name":"wp","href":"https:\/\/api.w.org\/{rel}","templated":true}]}}