
{"id":1973,"date":"2020-06-01T15:02:36","date_gmt":"2020-06-01T13:02:36","guid":{"rendered":"https:\/\/przedszkole18.edu.wroclaw.pl\/?p=1973"},"modified":"2020-06-01T15:02:36","modified_gmt":"2020-06-01T13:02:36","slug":"kochane-dzieci","status":"publish","type":"post","link":"https:\/\/przedszkole18.edu.wroclaw.pl\/index.php\/2020\/06\/01\/kochane-dzieci\/","title":{"rendered":"KOCHANE DZIECI!"},"content":{"rendered":"<p><span style=\"color: #3366ff\"><em><strong>Kochane dzieci z okazji <span style=\"color: #ff0000\">Dnia Dziecka,<\/span> \u017cycz\u0119 Wam wszystkim, du\u017co zdrowia, rado\u015bci i u\u015bmiechu, wspania\u0142ych\u00a0 rodzic\u00f3w i przyjaci\u00f3\u0142,\u00a0 na kt\u00f3rych\u00a0 zawsze b\u0119dziecie mogli liczy\u0107.\u00a0<\/strong><\/em><\/span><\/p>\n<p><span style=\"color: #008000\"><em><strong> \u017bycz\u0119 by spe\u0142nia\u0142y si\u0119 Wasze marzenia, a ka\u017cdy mijaj\u0105cy dzie\u0144 by\u0142 wst\u0119pem do kolejnego, r\u00f3wnie wspania\u0142ego.<\/strong><\/em><\/span><\/p>\n<p><span style=\"color: #800080\"><em><strong>\u00a0B\u0105d\u017acie dobrzy i serdeczni, a w darze otrzymacie od innych to samo &#8211; dobro, ciep\u0142o, przyja\u017a\u0144\u00a0 i mi\u0142o\u015b\u0107.\u00a0 Pozdrawiam Was ciep\u0142o i cierpliwie\u00a0 czekam \u00a0na lepszy czas. \u00a0<\/strong><\/em><\/span><\/p>\n<p><em><span style=\"color: #003300\"> Dyrektor plac\u00f3wki\u00a0 Lidia Walczak-I\u017cycka <\/span><\/em><\/p>\n","protected":false},"excerpt":{"rendered":"<p>Kochane dzieci z okazji Dnia Dziecka, \u017cycz\u0119 Wam wszystkim, du\u017co zdrowia, rado\u015bci i u\u015bmiechu, wspania\u0142ych\u00a0 rodzic\u00f3w i przyjaci\u00f3\u0142,\u00a0 na kt\u00f3rych\u00a0 zawsze b\u0119dziecie mogli liczy\u0107.\u00a0 \u017bycz\u0119 by spe\u0142nia\u0142y si\u0119 Wasze marzenia, [&hellip;]<\/p>\n","protected":false},"author":115,"featured_media":940,"comment_status":"closed","ping_status":"closed","sticky":false,"template":"","format":"standard","meta":{"ngg_post_thumbnail":0,"footnotes":""},"categories":[3],"tags":[],"class_list":["post-1973","post","type-post","status-publish","format-standard","has-post-thumbnail","hentry","category-aktualnosci","clearfix"],"_links":{"self":[{"href":"https:\/\/przedszkole18.edu.wroclaw.pl\/index.php\/wp-json\/wp\/v2\/posts\/1973","targetHints":{"allow":["GET"]}}],"collection":[{"href":"https:\/\/przedszkole18.edu.wroclaw.pl\/index.php\/wp-json\/wp\/v2\/posts"}],"about":[{"href":"https:\/\/przedszkole18.edu.wroclaw.pl\/index.php\/wp-json\/wp\/v2\/types\/post"}],"author":[{"embeddable":true,"href":"https:\/\/przedszkole18.edu.wroclaw.pl\/index.php\/wp-json\/wp\/v2\/users\/115"}],"replies":[{"embeddable":true,"href":"https:\/\/przedszkole18.edu.wroclaw.pl\/index.php\/wp-json\/wp\/v2\/comments?post=1973"}],"version-history":[{"count":1,"href":"https:\/\/przedszkole18.edu.wroclaw.pl\/index.php\/wp-json\/wp\/v2\/posts\/1973\/revisions"}],"predecessor-version":[{"id":1974,"href":"https:\/\/przedszkole18.edu.wroclaw.pl\/index.php\/wp-json\/wp\/v2\/posts\/1973\/revisions\/1974"}],"wp:featuredmedia":[{"embeddable":true,"href":"https:\/\/przedszkole18.edu.wroclaw.pl\/index.php\/wp-json\/wp\/v2\/media\/940"}],"wp:attachment":[{"href":"https:\/\/przedszkole18.edu.wroclaw.pl\/index.php\/wp-json\/wp\/v2\/media?parent=1973"}],"wp:term":[{"taxonomy":"category","embeddable":true,"href":"https:\/\/przedszkole18.edu.wroclaw.pl\/index.php\/wp-json\/wp\/v2\/categories?post=1973"},{"taxonomy":"post_tag","embeddable":true,"href":"https:\/\/przedszkole18.edu.wroclaw.pl\/index.php\/wp-json\/wp\/v2\/tags?post=1973"}],"curies":[{"name":"wp","href":"https:\/\/api.w.org\/{rel}","templated":true}]}}