
{"id":2010,"date":"2020-06-08T14:37:17","date_gmt":"2020-06-08T12:37:17","guid":{"rendered":"https:\/\/przedszkole18.edu.wroclaw.pl\/?p=2010"},"modified":"2020-06-08T14:37:17","modified_gmt":"2020-06-08T12:37:17","slug":"szanowni-panstwo-5","status":"publish","type":"post","link":"https:\/\/przedszkole18.edu.wroclaw.pl\/index.php\/2020\/06\/08\/szanowni-panstwo-5\/","title":{"rendered":"Szanowni Pa\u0144stwo!"},"content":{"rendered":"<p><span style=\"color: #008000\">Witam wszystkich odwiedzaj\u0105cych nasz\u0105 stron\u0119 internetow\u0105.\u00a0 Informuj\u0119, \u017ce w bie\u017c\u0105cym tygodniu nadal pracujemy w <strong>2 grupach<\/strong> mieszanych , w plac\u00f3wce praca przebiega zgodnie z re\u017cimem sanitarnych, zar\u00f3wno\u00a0 dzieci\u00a0 jak i pracownicy czuj\u0105 si\u0119 zdrowo i bezpiecznie.<strong><em>W przedszkolu uruchomiono \u017cywienie i obowi\u0105zuje konieczno\u015b\u0107 odbijania w systemie czasu pobytu dzieci.\u00a0<\/em><\/strong><\/span><\/p>\n<p><strong><span style=\"color: #0000ff\"><em>Przestrzeganie zasad cz\u0119stego mycia i dezynfekowania r\u0105k, noszenie maski w pomieszczeniach z wi\u0119ksz\u0105 ilo\u015bci\u0105 os\u00f3b i dystans spo\u0142eczny nie sprawiaj\u0105 wi\u0119kszego k\u0142opotu, a trzeba pami\u0119ta\u0107, \u017ce zapewne takie obostrzenia b\u0119d\u0105 nam towarzyszy\u0107 jeszcze d\u0142ugo.<\/em>\u00a0<\/span> <\/strong><\/p>\n<p><span style=\"color: #ff0000;font-size: 14pt\">Co w planie!<\/span> <em><span style=\"color: #993366\">W tygodniu od 15 do 19.06. planuj\u0119 uruchomi\u0107 4 grupy po 14 dzieci w ka\u017cdej,\u00a0 mam zatem mo\u017cliwo\u015b\u0107 przyj\u0119cia kolejnych wychowank\u00f3w,\u00a0 je\u017celi oczywi\u015bcie nie pobieracie Pa\u0144stwo zasi\u0142ku opieku\u0144czego wyp\u0142acanego\u00a0 przez ZUS do 28 czerwca. Wszystkich kt\u00f3rzy potrzebuj\u0105 pomoc i wsparcia zapraszam,\u00a0<strong> prosz\u0119 o wyprzedzenie powrotu,\u00a0 telefonem: \u00a0 728 520 159 w celu ustalenia daty powrotu i przekazania stosownych dokument\u00f3w.<\/strong> Wszystkich powracaj\u0105cych prosz\u0119 o bezwzgl\u0119dne stosowanie si\u0119 do obowi\u0105zuj\u0105cych procedur bezpiecze\u0144stwa.\u00a0<\/span><\/em><\/p>\n<p><em><span style=\"color: #000080\">Prosz\u0119 korzysta\u0107 z propozycji zabaw dla dzieci umieszczanych na stronie internetowej plac\u00f3wki, nauczanie zdalne obowi\u0105zuje do 28 czerwca.<\/span> <\/em><\/p>\n<p><span style=\"color: #000080\"><em><strong>Pozdrawiam i \u017cycz\u0119 du\u017co zdrowia. Dyrektor plac\u00f3wki Lidia Walczak-I\u017cycka<\/strong> <\/em><\/span><\/p>\n<p>&nbsp;<\/p>\n","protected":false},"excerpt":{"rendered":"<p>Witam wszystkich odwiedzaj\u0105cych nasz\u0105 stron\u0119 internetow\u0105.\u00a0 Informuj\u0119, \u017ce w bie\u017c\u0105cym tygodniu nadal pracujemy w 2 grupach mieszanych , w plac\u00f3wce praca przebiega zgodnie z re\u017cimem sanitarnych, zar\u00f3wno\u00a0 dzieci\u00a0 jak i [&hellip;]<\/p>\n","protected":false},"author":115,"featured_media":1910,"comment_status":"closed","ping_status":"closed","sticky":false,"template":"","format":"standard","meta":{"ngg_post_thumbnail":0,"footnotes":""},"categories":[3],"tags":[],"class_list":["post-2010","post","type-post","status-publish","format-standard","has-post-thumbnail","hentry","category-aktualnosci","clearfix"],"_links":{"self":[{"href":"https:\/\/przedszkole18.edu.wroclaw.pl\/index.php\/wp-json\/wp\/v2\/posts\/2010","targetHints":{"allow":["GET"]}}],"collection":[{"href":"https:\/\/przedszkole18.edu.wroclaw.pl\/index.php\/wp-json\/wp\/v2\/posts"}],"about":[{"href":"https:\/\/przedszkole18.edu.wroclaw.pl\/index.php\/wp-json\/wp\/v2\/types\/post"}],"author":[{"embeddable":true,"href":"https:\/\/przedszkole18.edu.wroclaw.pl\/index.php\/wp-json\/wp\/v2\/users\/115"}],"replies":[{"embeddable":true,"href":"https:\/\/przedszkole18.edu.wroclaw.pl\/index.php\/wp-json\/wp\/v2\/comments?post=2010"}],"version-history":[{"count":1,"href":"https:\/\/przedszkole18.edu.wroclaw.pl\/index.php\/wp-json\/wp\/v2\/posts\/2010\/revisions"}],"predecessor-version":[{"id":2011,"href":"https:\/\/przedszkole18.edu.wroclaw.pl\/index.php\/wp-json\/wp\/v2\/posts\/2010\/revisions\/2011"}],"wp:featuredmedia":[{"embeddable":true,"href":"https:\/\/przedszkole18.edu.wroclaw.pl\/index.php\/wp-json\/wp\/v2\/media\/1910"}],"wp:attachment":[{"href":"https:\/\/przedszkole18.edu.wroclaw.pl\/index.php\/wp-json\/wp\/v2\/media?parent=2010"}],"wp:term":[{"taxonomy":"category","embeddable":true,"href":"https:\/\/przedszkole18.edu.wroclaw.pl\/index.php\/wp-json\/wp\/v2\/categories?post=2010"},{"taxonomy":"post_tag","embeddable":true,"href":"https:\/\/przedszkole18.edu.wroclaw.pl\/index.php\/wp-json\/wp\/v2\/tags?post=2010"}],"curies":[{"name":"wp","href":"https:\/\/api.w.org\/{rel}","templated":true}]}}