
{"id":2090,"date":"2020-06-24T16:35:40","date_gmt":"2020-06-24T14:35:40","guid":{"rendered":"https:\/\/przedszkole18.edu.wroclaw.pl\/?p=2090"},"modified":"2020-06-24T16:42:33","modified_gmt":"2020-06-24T14:42:33","slug":"informacje","status":"publish","type":"post","link":"https:\/\/przedszkole18.edu.wroclaw.pl\/index.php\/2020\/06\/24\/informacje\/","title":{"rendered":"Informacje."},"content":{"rendered":"<p><span style=\"color: #993300\">Szanowni Pa\u0144stwo, informuj\u0119, \u017ce podobnie jak w ubieg\u0142ym tygodniu przedszkole pracy w 4 grupach,\u00a0 uruchomiono \u017cywienie i wznowiono odczytywanie czasu pobytu dzieci w plac\u00f3wce. Na dzie\u0144 dzisiejszy mamy 26 dzieci, kt\u00f3re powr\u00f3ci\u0142y do plac\u00f3wki.<\/span><\/p>\n<p><em><strong><span style=\"color: #800080\">Pracujemy niezmiennie w rygorze sanitarnym,\u00a0 stosuj\u0105c wszystkie ustalone procedury bezpiecze\u0144stwa. Liczymy te\u017c na zdrowy rozs\u0105dek rodzic\u00f3w, kt\u00f3rzy oddaj\u0105 nam pod opiek\u0119 swoje dzieci i\u00a0 pami\u0119taj\u0105 o przestrzeganiu zalece\u0144;<\/span><\/strong><\/em><\/p>\n<p><em><strong><span style=\"color: #800080\">1. Wracaj\u0105c do przedszkola nie korzystamy z miejskich plac\u00f3w zabaw!<\/span><\/strong><\/em><\/p>\n<p><em><strong><span style=\"color: #800080\">2. Nie spacerujemy z dzie\u0107mi po galeriach i sklepach!<\/span><\/strong><\/em><\/p>\n<p><em><strong><span style=\"color: #800080\">3. Przestrzegamy zasady cz\u0119stego mycia i dezynfekowania rak!<\/span><\/strong><\/em><\/p>\n<p><em><strong><span style=\"color: #800080\">4. Przestrzegamy zasad dotycz\u0105cych dystansu spo\u0142ecznego!<\/span><\/strong><\/em><\/p>\n<p><em><span style=\"color: #ff6600\">Du\u017cymi krokami zbli\u017ca si\u0119 czas wakacji dlatego te\u017c, b\u0119dziemy si\u0119 z Pa\u0144stwem kontaktowa\u0107,\u00a0 aby ustali\u0107 zapotrzebowanie i ch\u0119\u0107 powrotu do plac\u00f3wki w czasie od 01.07-31.07.2020r\u00a0 oraz 17.08.- 31.08. 2020r<\/span><\/em><\/p>\n<p style=\"text-align: center\"><em><span style=\"color: #ff6600\"><strong>Przypominam, \u017ce okres zamkni\u0119cia przedszkola to\u00a0 03.08 &#8211; 14.08.2020 w tym roku,\u00a0 tylko 2 tygodnie\u00a0<\/strong><br \/>\n<\/span><\/em><\/p>\n<p><span style=\"color: #008000\"><em> Zapraszam do odwiedzania strony internetowej i zak\u0142adek dla grup, prosz\u0119 tak\u017ce korzysta\u0107 z propozycji pomocy psychologiczno &#8211; pedagogicznej, czy zak\u0142adki\u00a0 M P P L tam\u00a0 tez znajdziecie Pa\u0144stwo,\u00a0 ciekawe propozycje zabaw i zaj\u0119\u0107.<br \/>\n<\/em><\/span><\/p>\n<p style=\"text-align: center\"><strong><span style=\"color: #800080\">Je\u017celi maj\u0105 Pa\u0144stwo pytania prosz\u0119 dzwoni\u0107 ch\u0119tnie odpowiem: 728 520 159<\/span><\/strong><\/p>\n<p><a href=\"https:\/\/przedszkole18.edu.wroclaw.pl\/wp-content\/uploads\/sites\/36\/2020\/06\/Za\u0142\u0105cznik-nr-1-do-zarz\u0105dzenia-nr-2951.doc\">Za\u0142\u0105cznik-nr-1-do-zarz\u0105dzenia-nr-2951<\/a><\/p>\n<p><a href=\"https:\/\/przedszkole18.edu.wroclaw.pl\/wp-content\/uploads\/sites\/36\/2020\/06\/Za\u0142\u0105cznik-nr-2-do-zarz\u0105dzenia-nr-2951.doc\">Za\u0142\u0105cznik-nr-2-do-zarz\u0105dzenia-nr-2951<\/a><\/p>\n<p>&nbsp;<\/p>\n<p><em>Pozdrawiam serdecznie i \u017cycz\u0119 du\u017co zdrowia i spokoju. Dyrektor plac\u00f3wki Lidia Walczak-I\u017cycka<\/em><\/p>\n","protected":false},"excerpt":{"rendered":"<p>Szanowni Pa\u0144stwo, informuj\u0119, \u017ce podobnie jak w ubieg\u0142ym tygodniu przedszkole pracy w 4 grupach,\u00a0 uruchomiono \u017cywienie i wznowiono odczytywanie czasu pobytu dzieci w plac\u00f3wce. Na dzie\u0144 dzisiejszy mamy 26 dzieci, [&hellip;]<\/p>\n","protected":false},"author":115,"featured_media":2028,"comment_status":"closed","ping_status":"closed","sticky":false,"template":"","format":"standard","meta":{"ngg_post_thumbnail":0,"footnotes":""},"categories":[3],"tags":[],"class_list":["post-2090","post","type-post","status-publish","format-standard","has-post-thumbnail","hentry","category-aktualnosci","clearfix"],"_links":{"self":[{"href":"https:\/\/przedszkole18.edu.wroclaw.pl\/index.php\/wp-json\/wp\/v2\/posts\/2090","targetHints":{"allow":["GET"]}}],"collection":[{"href":"https:\/\/przedszkole18.edu.wroclaw.pl\/index.php\/wp-json\/wp\/v2\/posts"}],"about":[{"href":"https:\/\/przedszkole18.edu.wroclaw.pl\/index.php\/wp-json\/wp\/v2\/types\/post"}],"author":[{"embeddable":true,"href":"https:\/\/przedszkole18.edu.wroclaw.pl\/index.php\/wp-json\/wp\/v2\/users\/115"}],"replies":[{"embeddable":true,"href":"https:\/\/przedszkole18.edu.wroclaw.pl\/index.php\/wp-json\/wp\/v2\/comments?post=2090"}],"version-history":[{"count":3,"href":"https:\/\/przedszkole18.edu.wroclaw.pl\/index.php\/wp-json\/wp\/v2\/posts\/2090\/revisions"}],"predecessor-version":[{"id":2095,"href":"https:\/\/przedszkole18.edu.wroclaw.pl\/index.php\/wp-json\/wp\/v2\/posts\/2090\/revisions\/2095"}],"wp:featuredmedia":[{"embeddable":true,"href":"https:\/\/przedszkole18.edu.wroclaw.pl\/index.php\/wp-json\/wp\/v2\/media\/2028"}],"wp:attachment":[{"href":"https:\/\/przedszkole18.edu.wroclaw.pl\/index.php\/wp-json\/wp\/v2\/media?parent=2090"}],"wp:term":[{"taxonomy":"category","embeddable":true,"href":"https:\/\/przedszkole18.edu.wroclaw.pl\/index.php\/wp-json\/wp\/v2\/categories?post=2090"},{"taxonomy":"post_tag","embeddable":true,"href":"https:\/\/przedszkole18.edu.wroclaw.pl\/index.php\/wp-json\/wp\/v2\/tags?post=2090"}],"curies":[{"name":"wp","href":"https:\/\/api.w.org\/{rel}","templated":true}]}}