
{"id":2097,"date":"2020-06-30T14:25:28","date_gmt":"2020-06-30T12:25:28","guid":{"rendered":"https:\/\/przedszkole18.edu.wroclaw.pl\/?p=2097"},"modified":"2020-06-30T14:26:20","modified_gmt":"2020-06-30T12:26:20","slug":"wakacyjne-zyczenia-mega-paka-przedszkolaka","status":"publish","type":"post","link":"https:\/\/przedszkole18.edu.wroclaw.pl\/index.php\/2020\/06\/30\/wakacyjne-zyczenia-mega-paka-przedszkolaka\/","title":{"rendered":"Wakacyjne \u017cyczenia (mega paka przedszkolaka)"},"content":{"rendered":"<p><img loading=\"lazy\" decoding=\"async\" class=\"alignnone size-full wp-image-2099\" src=\"https:\/\/przedszkole18.edu.wroclaw.pl\/wp-content\/uploads\/sites\/36\/2020\/06\/IMG_20200218_085137-scaled.jpg\" alt=\"\" width=\"2560\" height=\"1920\" \/><\/p>\n<p>&nbsp;<\/p>\n<p style=\"text-align: center\"><strong><span style=\"font-size: 24pt;color: #ff6600\">W razie braku zaj\u0119cia w wakacje udost\u0119pniamy wakacyjny pakiet przedszkolaka \ud83d\ude42<\/span><\/strong><\/p>\n<p>&nbsp;<\/p>\n<p data-normal-size=\"18\"><span style=\"color: #00ff00;font-size: 18pt\"><strong>Gry interaktywne:<\/strong><\/span><\/p>\n<p data-normal-size=\"18\">Wakacyjne rytmy <a href=\"https:\/\/view.genial.ly\/5eed2be08146ce0d750c0651\">https:\/\/view.genial.ly\/5eed2be08146ce0d750c0651<\/a><\/p>\n<p data-normal-size=\"18\">Na pla\u017cy <a href=\"https:\/\/view.genial.ly\/5ed4259ddbd44e121591292f\">https:\/\/view.genial.ly\/5ed4259ddbd44e121591292f<\/a><\/p>\n<p data-normal-size=\"18\">Lato \u201e\u0141\u0105czenie cech\u201d <a href=\"https:\/\/view.genial.ly\/5ed428da6a01c811e66ee69f\">https:\/\/view.genial.ly\/5ed428da6a01c811e66ee69f<\/a><\/p>\n<p data-normal-size=\"18\">Lato \u201e\u0106wiczymy spostrzegawczo\u015b\u0107\u201d <a href=\"https:\/\/view.genial.ly\/5ed6040a5d5bf80d8a79dcae\">https:\/\/view.genial.ly\/5ed6040a5d5bf80d8a79dcae<\/a><\/p>\n<p data-normal-size=\"18\">Policz lody <a href=\"https:\/\/view.genial.ly\/5ee38367a1a8010d900d2e4d\">https:\/\/view.genial.ly\/5ee38367a1a8010d900d2e4d<\/a><\/p>\n<p data-normal-size=\"18\">W podr\u00f3\u017cy <a href=\"https:\/\/view.genial.ly\/5edd47fe200cf70d607365d7\">https:\/\/view.genial.ly\/5edd47fe200cf70d607365d7<\/a><\/p>\n<p data-normal-size=\"18\">Podr\u00f3\u017ce \u201e\u0106wiczymy spostrzegawczo\u015b\u0107\u201d <a href=\"https:\/\/view.genial.ly\/5edea78f2a753d0d96f03cf3\">https:\/\/view.genial.ly\/5edea78f2a753d0d96f03cf3<\/a><\/p>\n<p data-normal-size=\"18\">Podr\u00f3\u017ce \u201eNa jak\u0105 g\u0142osk\u0119\u201d <a href=\"https:\/\/view.genial.ly\/5ee9b8b68bed1e0d935548d6\">https:\/\/view.genial.ly\/5ee9b8b68bed1e0d935548d6<\/a><\/p>\n<p data-normal-size=\"18\">Podr\u00f3\u017ce \u201eIle sylab?\u201d <a href=\"https:\/\/view.genial.ly\/5eec77aa8146ce0d750bfdd7\">https:\/\/view.genial.ly\/5eec77aa8146ce0d750bfdd7<\/a><\/p>\n<p data-normal-size=\"18\"><span style=\"color: #00ff00;font-size: 18pt\"><strong>Prezentacja w formie filmu \u201eBezpieczny Maks\u201d \u2013 G\u0142\u00f3wny bohater prezentacji \u2013 Maks \u2013 opowiada o podstawowych zasadach bezpiecze\u0144stwa.<\/strong><\/span><\/p>\n<div class=\"wp-video\">\n<div id=\"mep_0\" class=\"mejs-container mejs-container-keyboard-inactive wp-video-shortcode mejs-video\" role=\"application\" aria-label=\"Odtwarzacz video\">\n<div class=\"mejs-inner\">\n<div class=\"mejs-layers\">\n<div class=\"mejs-overlay-button\" role=\"button\" aria-label=\"Odtw\u00f3rz\">\n<div style=\"width: 1920px;\" class=\"wp-video\"><video class=\"wp-video-shortcode\" id=\"video-2097-1\" width=\"1920\" height=\"1080\" preload=\"metadata\" controls=\"controls\"><source type=\"video\/mp4\" src=\"https:\/\/przedszkole18.edu.wroclaw.pl\/wp-content\/uploads\/sites\/36\/2020\/06\/Bezpieczny-Maks.mp4?_=1\" \/><a href=\"https:\/\/przedszkole18.edu.wroclaw.pl\/wp-content\/uploads\/sites\/36\/2020\/06\/Bezpieczny-Maks.mp4\">https:\/\/przedszkole18.edu.wroclaw.pl\/wp-content\/uploads\/sites\/36\/2020\/06\/Bezpieczny-Maks.mp4<\/a><\/video><\/div>\n<\/div>\n<\/div>\n<\/div>\n<\/div>\n<\/div>\n<div class=\"mejs-button mejs-fullscreen-button\"><\/div>\n<p data-normal-size=\"18\"><span style=\"color: #00ff00;font-size: 18pt\"><strong>Matematyczne lody (plik PDF):<\/strong><\/span><\/p>\n<p data-normal-size=\"18\"><a href=\"https:\/\/przedszkole18.edu.wroclaw.pl\/wp-content\/uploads\/sites\/36\/2020\/06\/Matematyczne-lody.pdf\"><span style=\"font-size: 14pt\">Matematyczne lody<\/span><\/a><\/p>\n<p data-normal-size=\"18\"><span style=\"font-size: 18pt;color: #00ff00\"><strong>Zabawy logopedyczne<\/strong><\/span><\/p>\n<p data-normal-size=\"18\"><img loading=\"lazy\" decoding=\"async\" class=\"alignnone size-full wp-image-2060\" src=\"https:\/\/przedszkole18.edu.wroclaw.pl\/wp-content\/uploads\/sites\/36\/2020\/06\/przesy\u0142amy-buziaki-na-po\u017cegnanie-przed-wyjazdem-na-wakacje.png\" alt=\"\" width=\"794\" height=\"1123\" \/><img loading=\"lazy\" decoding=\"async\" class=\"alignnone size-full wp-image-2061\" src=\"https:\/\/przedszkole18.edu.wroclaw.pl\/wp-content\/uploads\/sites\/36\/2020\/06\/przesy\u0142amy-buziaki-na-po\u017cegnanie-przed-wyjazdem-na-wakacje-1.png\" alt=\"\" width=\"794\" height=\"1123\" \/><\/p>\n<p><span style=\"color: #00ff00;font-size: 18pt\"><strong>Wakacyjny quiz PDF:<\/strong><\/span><\/p>\n<div class=\"entry-content\">\n<p><strong><a href=\"https:\/\/przedszkole18.edu.wroclaw.pl\/wp-content\/uploads\/sites\/36\/2020\/06\/Wakacyjny-quiz.pdf\">Wakacyjny quiz<\/a><\/strong><\/p>\n<\/div>\n<p>&nbsp;<\/p>\n<p>&nbsp;<\/p>\n<p><span style=\"color: #00ff00;font-size: 18pt\"><strong>Mega paka przedszkolaka na wakacje w formacie PDF \ud83d\ude42 w zestawie a\u017c 50 r\u00f3\u017cnych kart \ud83d\ude42 (niestety nasza strona nie os\u0142uguje takiego rozmiaru pliku dlatego podaj\u0119 link do strony).<\/strong><\/span><\/p>\n<p><a href=\"http:\/\/swiatprzedszkolanki.pl\/?p=1098\">http:\/\/swiatprzedszkolanki.pl\/?p=1098<\/a><\/p>\n","protected":false},"excerpt":{"rendered":"<p>&nbsp; W razie braku zaj\u0119cia w wakacje udost\u0119pniamy wakacyjny pakiet przedszkolaka \ud83d\ude42 &nbsp; Gry interaktywne: Wakacyjne rytmy https:\/\/view.genial.ly\/5eed2be08146ce0d750c0651 Na pla\u017cy https:\/\/view.genial.ly\/5ed4259ddbd44e121591292f Lato \u201e\u0141\u0105czenie cech\u201d https:\/\/view.genial.ly\/5ed428da6a01c811e66ee69f Lato \u201e\u0106wiczymy spostrzegawczo\u015b\u0107\u201d https:\/\/view.genial.ly\/5ed6040a5d5bf80d8a79dcae Policz [&hellip;]<\/p>\n","protected":false},"author":102,"featured_media":0,"comment_status":"closed","ping_status":"closed","sticky":false,"template":"","format":"standard","meta":{"ngg_post_thumbnail":0,"footnotes":""},"categories":[3],"tags":[],"class_list":["post-2097","post","type-post","status-publish","format-standard","hentry","category-aktualnosci","clearfix"],"_links":{"self":[{"href":"https:\/\/przedszkole18.edu.wroclaw.pl\/index.php\/wp-json\/wp\/v2\/posts\/2097","targetHints":{"allow":["GET"]}}],"collection":[{"href":"https:\/\/przedszkole18.edu.wroclaw.pl\/index.php\/wp-json\/wp\/v2\/posts"}],"about":[{"href":"https:\/\/przedszkole18.edu.wroclaw.pl\/index.php\/wp-json\/wp\/v2\/types\/post"}],"author":[{"embeddable":true,"href":"https:\/\/przedszkole18.edu.wroclaw.pl\/index.php\/wp-json\/wp\/v2\/users\/102"}],"replies":[{"embeddable":true,"href":"https:\/\/przedszkole18.edu.wroclaw.pl\/index.php\/wp-json\/wp\/v2\/comments?post=2097"}],"version-history":[{"count":3,"href":"https:\/\/przedszkole18.edu.wroclaw.pl\/index.php\/wp-json\/wp\/v2\/posts\/2097\/revisions"}],"predecessor-version":[{"id":2102,"href":"https:\/\/przedszkole18.edu.wroclaw.pl\/index.php\/wp-json\/wp\/v2\/posts\/2097\/revisions\/2102"}],"wp:attachment":[{"href":"https:\/\/przedszkole18.edu.wroclaw.pl\/index.php\/wp-json\/wp\/v2\/media?parent=2097"}],"wp:term":[{"taxonomy":"category","embeddable":true,"href":"https:\/\/przedszkole18.edu.wroclaw.pl\/index.php\/wp-json\/wp\/v2\/categories?post=2097"},{"taxonomy":"post_tag","embeddable":true,"href":"https:\/\/przedszkole18.edu.wroclaw.pl\/index.php\/wp-json\/wp\/v2\/tags?post=2097"}],"curies":[{"name":"wp","href":"https:\/\/api.w.org\/{rel}","templated":true}]}}