
{"id":2155,"date":"2020-07-28T17:39:49","date_gmt":"2020-07-28T15:39:49","guid":{"rendered":"https:\/\/przedszkole18.edu.wroclaw.pl\/?p=2155"},"modified":"2020-07-28T17:39:49","modified_gmt":"2020-07-28T15:39:49","slug":"biezace-informacje-2","status":"publish","type":"post","link":"https:\/\/przedszkole18.edu.wroclaw.pl\/index.php\/2020\/07\/28\/biezace-informacje-2\/","title":{"rendered":"Bie\u017c\u0105ce informacje"},"content":{"rendered":"<p><em><span style=\"color: #800000\">Szanowni Pa\u0144stwo informuje, \u017ce jak w tygodniach poprzednich, pracujemy z niewielk\u0105 ilo\u015bci\u0105 dzieci, bie\u017c\u0105cy tydzie\u0144 to 27 wychowank\u00f3w z r\u00f3\u017cnych grup wiekowych, po\u0142\u0105czonych\u00a0 obecnie w dwie\u00a0 grupy.\u00a0 Plac\u00f3wka pracuje w takim kszta\u0142cie do 31 lipca.<\/span> <\/em><\/p>\n<p><em><span style=\"color: #008000\">Jak pisa\u0142am wcze\u015bniej w aktualno\u015bciach od 03.08.2020 do 14.08.2020 plac\u00f3wka ma przerw\u0119 wakacyjna, w czasie kt\u00f3rej b\u0119d\u0119 przygotowywa\u0107 plac\u00f3wk\u0119 do wznowienia pracy w kolejnym roku szkolnym. Wszystko zale\u017cy od sytuacji epidemicznej i decyzji, wytycznych GIS i Miasta w sprawie organizacji pracy. Wszyscy mamy nadzieje powr\u00f3ci\u0107 do stanu z przed czasu epidemii, tego \u017cycz\u0119 zar\u00f3wno Pa\u0144stwu jak i wszystkim pracownikom przedszkola.<\/span> <\/em><\/p>\n<p><em><strong><span style=\"color: #800080\">Pragn\u0119 podzi\u0119kowa\u0107 Pa\u0144stwu, za cierpliwo\u015b\u0107 i zrozumienie, kt\u00f3re okazywali\u015bcie podczas mijaj\u0105cego roku szkolnego, dzi\u0119kuje za korzystanie z materia\u0142\u00f3w przygotowywanych przez nauczycieli w trakcie pracy zdalnej, mam nadziej\u0119, \u017ce\u00a0 cho\u0107 troch\u0119 pomog\u0142y przetrwa\u0107 ten trudny dla wszystkich czas.\u00a0 Dzi\u0119kuj\u0119.<\/span> <\/strong><\/em><\/p>\n<p><em><span style=\"color: #339966\"><strong>Pracownikom przedszkola dzi\u0119kuj\u0119 za zaanga\u017cowanie i wzajemne wspieranie si\u0119, Wasza praca,\u00a0 to przede wszystkim Wasz sukces.\u00a0 Dzi\u0119kuj\u0119.<\/strong> <\/span><\/em><\/p>\n<p><span style=\"color: #008080\"><em>Wszystkim dzieciom, rodzicom i pracownikom,\u00a0 \u017cycz\u0119 udanego odpoczynku, polecam wypoczynek z rodzin\u0105 i izolacj\u0119 od du\u017cych skupisk, mam nadziej\u0119 zobaczy\u0107 si\u0119 z Pa\u0144stwem w Nowym roku szkolnym. Pozdrawiam serdecznie Lidia Walczak-I\u017cycka dyrektor plac\u00f3wki.\u00a0<\/em> <\/span><\/p>\n","protected":false},"excerpt":{"rendered":"<p>Szanowni Pa\u0144stwo informuje, \u017ce jak w tygodniach poprzednich, pracujemy z niewielk\u0105 ilo\u015bci\u0105 dzieci, bie\u017c\u0105cy tydzie\u0144 to 27 wychowank\u00f3w z r\u00f3\u017cnych grup wiekowych, po\u0142\u0105czonych\u00a0 obecnie w dwie\u00a0 grupy.\u00a0 Plac\u00f3wka pracuje w [&hellip;]<\/p>\n","protected":false},"author":115,"featured_media":1953,"comment_status":"closed","ping_status":"closed","sticky":false,"template":"","format":"standard","meta":{"ngg_post_thumbnail":0,"footnotes":""},"categories":[3],"tags":[],"class_list":["post-2155","post","type-post","status-publish","format-standard","has-post-thumbnail","hentry","category-aktualnosci","clearfix"],"_links":{"self":[{"href":"https:\/\/przedszkole18.edu.wroclaw.pl\/index.php\/wp-json\/wp\/v2\/posts\/2155","targetHints":{"allow":["GET"]}}],"collection":[{"href":"https:\/\/przedszkole18.edu.wroclaw.pl\/index.php\/wp-json\/wp\/v2\/posts"}],"about":[{"href":"https:\/\/przedszkole18.edu.wroclaw.pl\/index.php\/wp-json\/wp\/v2\/types\/post"}],"author":[{"embeddable":true,"href":"https:\/\/przedszkole18.edu.wroclaw.pl\/index.php\/wp-json\/wp\/v2\/users\/115"}],"replies":[{"embeddable":true,"href":"https:\/\/przedszkole18.edu.wroclaw.pl\/index.php\/wp-json\/wp\/v2\/comments?post=2155"}],"version-history":[{"count":1,"href":"https:\/\/przedszkole18.edu.wroclaw.pl\/index.php\/wp-json\/wp\/v2\/posts\/2155\/revisions"}],"predecessor-version":[{"id":2156,"href":"https:\/\/przedszkole18.edu.wroclaw.pl\/index.php\/wp-json\/wp\/v2\/posts\/2155\/revisions\/2156"}],"wp:featuredmedia":[{"embeddable":true,"href":"https:\/\/przedszkole18.edu.wroclaw.pl\/index.php\/wp-json\/wp\/v2\/media\/1953"}],"wp:attachment":[{"href":"https:\/\/przedszkole18.edu.wroclaw.pl\/index.php\/wp-json\/wp\/v2\/media?parent=2155"}],"wp:term":[{"taxonomy":"category","embeddable":true,"href":"https:\/\/przedszkole18.edu.wroclaw.pl\/index.php\/wp-json\/wp\/v2\/categories?post=2155"},{"taxonomy":"post_tag","embeddable":true,"href":"https:\/\/przedszkole18.edu.wroclaw.pl\/index.php\/wp-json\/wp\/v2\/tags?post=2155"}],"curies":[{"name":"wp","href":"https:\/\/api.w.org\/{rel}","templated":true}]}}