
{"id":2201,"date":"2020-08-07T13:50:35","date_gmt":"2020-08-07T11:50:35","guid":{"rendered":"https:\/\/przedszkole18.edu.wroclaw.pl\/?p=2201"},"modified":"2020-08-07T13:50:35","modified_gmt":"2020-08-07T11:50:35","slug":"ciekawa-propozycja-zachecam","status":"publish","type":"post","link":"https:\/\/przedszkole18.edu.wroclaw.pl\/index.php\/2020\/08\/07\/ciekawa-propozycja-zachecam\/","title":{"rendered":"Ciekawa propozycja, zach\u0119cam !"},"content":{"rendered":"<p><em><strong><span style=\"color: #800000\">Drodzy rodzice w imieniu Fundacji Mali Wspaniali, zach\u0119cam do udzia\u0142u w proponowanym szkoleniu.<\/span> <\/strong><\/em><\/p>\n<p><em><span style=\"color: #ff6600\">Fundacja Mali Wspaniali przygotowa\u0142a dla Rodzic\u00f3w dzieci w wieku przedszkolnym BEZP\u0141ATNE szkolenie z zakresu prawid\u0142owego rozwoju dziecka w wieku przedszkolnym oraz wp\u0142ywie elektroniki, komputer\u00f3w i \u015bwiata cyfrowego na psychik\u0119 ma\u0142ego dziecka. <\/span><\/em><\/p>\n<p><em><span style=\"color: #0000ff\">Szkolenie odb\u0119dzie si\u0119 dnia 26.08.2020 \/\u015broda\/ w godz.17:30-19:30 w Parku Rozrywki Rodzinnej Bobolandia przy ul. Opolskiej 188 we Wroc\u0142awiu. W trakcie jego trwania dzieci mog\u0105 BEZP\u0141ATNIE korzysta\u0107 z urz\u0105dze\u0144 znajduj\u0105cych si\u0119 w Bobolandii.<\/span><\/em><\/p>\n<p><em><span style=\"color: #666699\">Maj\u0105c na uwadze okoliczno\u015bci, w kt\u00f3rych organizowane jest szkolenie i sytuacj\u0119 epidemiologiczn\u0105 w kraju, dok\u0142adamy wszelkich stara\u0144, aby przebieg\u0142o ono w spos\u00f3b bezpieczny dla wszystkich. Sala zabaw Bobolandia wynaj\u0119ta jest w tym czasie na wy\u0142\u0105czno\u015b\u0107 naszego spotkania, bez mo\u017cliwo\u015bci do\u0142\u0105czenia os\u00f3b z zewn\u0105trz oraz wcze\u015bniej niezarejestrowanych\/zg\u0142oszonych. Na miejscu szkolenia wykonywany b\u0119dzie pomiar temperatury, dost\u0119pne b\u0119d\u0105 p\u0142yny dezynfekcyjne, a dodatkowy personel pomo\u017ce w sprawnej rejestracji oraz kierowaniu i lokowaniu Uczestnik\u00f3w na miejscu szkolenia. Precyzyjne informacje dla Uczestnik\u00f3w znajduj\u0105 si\u0119 w Regulaminie, do\u0142\u0105czonym do niniejszego maila.<\/span><\/em><\/p>\n<p><em><span style=\"color: #808000\">Szkolenie poprowadz\u0105 eksperci w swoich dziedzinach: Urszula Bia\u0142ek i Joanna Wolfart-Piech, doradcy metodyczni w zakresie wychowania fizycznego, nauczycielki WF i autorki program\u00f3w nauczania oraz Magdalena Duszy\u0144ska, psycholog.<\/span><\/em><\/p>\n<p><em><span style=\"color: #808000\">Ze wzgl\u0119du na ograniczon\u0105 liczb\u0119 miejsc wprowadzili\u015bmy zapisy &#8211; zg\u0142oszenie nazwisk uczestnik\u00f3w (opiekunowie i dzieci oraz wiek dziecka i numer przedszkola) na adres email <a style=\"color: #808000\" href=\"mailto:rekrutacja@mali-wspaniali.pl\">rekrutacja@mali-wspaniali.pl<\/a>\u00a0 <\/span><\/em><br \/>\n<em><span style=\"color: #808000\">Z jednej Rodziny zapraszamy maksymalnie 3 osoby, w tym minimum jedn\u0105 osob\u0119 doros\u0142\u0105, kt\u00f3ra we\u017amie udzia\u0142 w szkoleniu.<\/span><\/em><\/p>\n<p><span style=\"color: #008080\">Ju\u017c dzisiaj serdecznie zapraszamy do udzia\u0142u w naszym wydarzeniu.<\/span><\/p>\n<p>Magdalena Mendakiewicz<br \/>\nPrezes Fundacji<\/p>\n<p><strong>Fundacja Mali Wspaniali<\/strong><strong><br \/>\n<\/strong><br \/>\nul. \u015al\u0119\u017cna 2 &#8211; 24<br \/>\n53\u00a0&#8211; 302 Wroc\u0142aw<br \/>\nNIP 899-27-60-303<\/p>\n<p><strong>Mali Wspaniali w Internecie:<\/strong><strong><br \/>\n<\/strong><a href=\"http:\/\/www.mali-wspaniali.pl\/\">www.mali-wspaniali.pl<br \/>\n<\/a><a href=\"https:\/\/www.facebook.com\/maliwspanialifundacja\">https:\/\/www.facebook.com\/maliwspanialifundacja<\/a> <a href=\"http:\/\/www.mali-wspaniali.pl\/\"><\/p>\n<p><\/a><\/p>\n","protected":false},"excerpt":{"rendered":"<p>Drodzy rodzice w imieniu Fundacji Mali Wspaniali, zach\u0119cam do udzia\u0142u w proponowanym szkoleniu. Fundacja Mali Wspaniali przygotowa\u0142a dla Rodzic\u00f3w dzieci w wieku przedszkolnym BEZP\u0141ATNE szkolenie z zakresu prawid\u0142owego rozwoju dziecka [&hellip;]<\/p>\n","protected":false},"author":115,"featured_media":2007,"comment_status":"closed","ping_status":"closed","sticky":false,"template":"","format":"standard","meta":{"ngg_post_thumbnail":0,"footnotes":""},"categories":[3],"tags":[],"class_list":["post-2201","post","type-post","status-publish","format-standard","has-post-thumbnail","hentry","category-aktualnosci","clearfix"],"_links":{"self":[{"href":"https:\/\/przedszkole18.edu.wroclaw.pl\/index.php\/wp-json\/wp\/v2\/posts\/2201","targetHints":{"allow":["GET"]}}],"collection":[{"href":"https:\/\/przedszkole18.edu.wroclaw.pl\/index.php\/wp-json\/wp\/v2\/posts"}],"about":[{"href":"https:\/\/przedszkole18.edu.wroclaw.pl\/index.php\/wp-json\/wp\/v2\/types\/post"}],"author":[{"embeddable":true,"href":"https:\/\/przedszkole18.edu.wroclaw.pl\/index.php\/wp-json\/wp\/v2\/users\/115"}],"replies":[{"embeddable":true,"href":"https:\/\/przedszkole18.edu.wroclaw.pl\/index.php\/wp-json\/wp\/v2\/comments?post=2201"}],"version-history":[{"count":1,"href":"https:\/\/przedszkole18.edu.wroclaw.pl\/index.php\/wp-json\/wp\/v2\/posts\/2201\/revisions"}],"predecessor-version":[{"id":2202,"href":"https:\/\/przedszkole18.edu.wroclaw.pl\/index.php\/wp-json\/wp\/v2\/posts\/2201\/revisions\/2202"}],"wp:featuredmedia":[{"embeddable":true,"href":"https:\/\/przedszkole18.edu.wroclaw.pl\/index.php\/wp-json\/wp\/v2\/media\/2007"}],"wp:attachment":[{"href":"https:\/\/przedszkole18.edu.wroclaw.pl\/index.php\/wp-json\/wp\/v2\/media?parent=2201"}],"wp:term":[{"taxonomy":"category","embeddable":true,"href":"https:\/\/przedszkole18.edu.wroclaw.pl\/index.php\/wp-json\/wp\/v2\/categories?post=2201"},{"taxonomy":"post_tag","embeddable":true,"href":"https:\/\/przedszkole18.edu.wroclaw.pl\/index.php\/wp-json\/wp\/v2\/tags?post=2201"}],"curies":[{"name":"wp","href":"https:\/\/api.w.org\/{rel}","templated":true}]}}