
{"id":2223,"date":"2020-08-14T07:19:34","date_gmt":"2020-08-14T05:19:34","guid":{"rendered":"https:\/\/przedszkole18.edu.wroclaw.pl\/?p=2223"},"modified":"2020-08-14T07:19:34","modified_gmt":"2020-08-14T05:19:34","slug":"wazne","status":"publish","type":"post","link":"https:\/\/przedszkole18.edu.wroclaw.pl\/index.php\/2020\/08\/14\/wazne\/","title":{"rendered":"Wa\u017cne!"},"content":{"rendered":"<p><span style=\"color: #0000ff\">Szanowni Pa\u0144stwo, zgodnie z wcze\u015bniejszymi informacjami, od <span style=\"color: #000000\">17 sierpnia<\/span>\u00a0 wznawiamy swoje dzia\u0142anie. W dalszym ci\u0105gu pracujemy w rygorze sanitarnym, zgodnie z wytycznymi GIS, czyli najwa\u017cniejsze: cz\u0119sty pobyt na powietrzu,\u00a0 mycie r\u0105k, dezynfekcja sal i pomieszcze\u0144 oraz,\u00a0\u00a0<\/span><\/p>\n<ul>\n<li><span style=\"color: #ff0000\">do przedszkola mog\u0105 ucz\u0119szcza\u0107\u00a0 tylko zdrowe dzieci<\/span><\/li>\n<li><span style=\"color: #ff0000\">nie przynosimy zabawek i nadmiaru ugra\u0144 do szafek\u00a0<\/span><\/li>\n<li><span style=\"color: #ff0000\">zachowujemy dystans spo\u0142eczny<\/span><\/li>\n<li><span style=\"color: #ff0000\">rodzice i osoby z zewn\u0105trz zobowi\u0105zani s\u0105 do zas\u0142aniania ust i nosa na terenie plac\u00f3wki \/maseczki\/<\/span><\/li>\n<li><span style=\"color: #ff0000\">dezynfekcja r\u0105k przy wej\u015bciu do plac\u00f3wki\u00a0<\/span><\/li>\n<\/ul>\n<p><span style=\"color: #008000\">Prosz\u0119 pami\u0119ta\u0107 o odbijaniu pobytu dziecka\u00a0 w czytniku elektronicznym.<\/span> Pozdrawiam\u00a0 i do zobaczenia. Lidia Walczak-I\u017cycka<\/p>\n<p>&nbsp;<\/p>\n","protected":false},"excerpt":{"rendered":"<p>Szanowni Pa\u0144stwo, zgodnie z wcze\u015bniejszymi informacjami, od 17 sierpnia\u00a0 wznawiamy swoje dzia\u0142anie. W dalszym ci\u0105gu pracujemy w rygorze sanitarnym, zgodnie z wytycznymi GIS, czyli najwa\u017cniejsze: cz\u0119sty pobyt na powietrzu,\u00a0 mycie [&hellip;]<\/p>\n","protected":false},"author":115,"featured_media":2003,"comment_status":"closed","ping_status":"closed","sticky":false,"template":"","format":"standard","meta":{"ngg_post_thumbnail":0,"footnotes":""},"categories":[3],"tags":[],"class_list":["post-2223","post","type-post","status-publish","format-standard","has-post-thumbnail","hentry","category-aktualnosci","clearfix"],"_links":{"self":[{"href":"https:\/\/przedszkole18.edu.wroclaw.pl\/index.php\/wp-json\/wp\/v2\/posts\/2223","targetHints":{"allow":["GET"]}}],"collection":[{"href":"https:\/\/przedszkole18.edu.wroclaw.pl\/index.php\/wp-json\/wp\/v2\/posts"}],"about":[{"href":"https:\/\/przedszkole18.edu.wroclaw.pl\/index.php\/wp-json\/wp\/v2\/types\/post"}],"author":[{"embeddable":true,"href":"https:\/\/przedszkole18.edu.wroclaw.pl\/index.php\/wp-json\/wp\/v2\/users\/115"}],"replies":[{"embeddable":true,"href":"https:\/\/przedszkole18.edu.wroclaw.pl\/index.php\/wp-json\/wp\/v2\/comments?post=2223"}],"version-history":[{"count":1,"href":"https:\/\/przedszkole18.edu.wroclaw.pl\/index.php\/wp-json\/wp\/v2\/posts\/2223\/revisions"}],"predecessor-version":[{"id":2224,"href":"https:\/\/przedszkole18.edu.wroclaw.pl\/index.php\/wp-json\/wp\/v2\/posts\/2223\/revisions\/2224"}],"wp:featuredmedia":[{"embeddable":true,"href":"https:\/\/przedszkole18.edu.wroclaw.pl\/index.php\/wp-json\/wp\/v2\/media\/2003"}],"wp:attachment":[{"href":"https:\/\/przedszkole18.edu.wroclaw.pl\/index.php\/wp-json\/wp\/v2\/media?parent=2223"}],"wp:term":[{"taxonomy":"category","embeddable":true,"href":"https:\/\/przedszkole18.edu.wroclaw.pl\/index.php\/wp-json\/wp\/v2\/categories?post=2223"},{"taxonomy":"post_tag","embeddable":true,"href":"https:\/\/przedszkole18.edu.wroclaw.pl\/index.php\/wp-json\/wp\/v2\/tags?post=2223"}],"curies":[{"name":"wp","href":"https:\/\/api.w.org\/{rel}","templated":true}]}}