
{"id":2226,"date":"2020-08-16T12:20:11","date_gmt":"2020-08-16T10:20:11","guid":{"rendered":"https:\/\/przedszkole18.edu.wroclaw.pl\/?p=2226"},"modified":"2020-08-16T12:20:11","modified_gmt":"2020-08-16T10:20:11","slug":"wytyczne-gis-dla-placowek","status":"publish","type":"post","link":"https:\/\/przedszkole18.edu.wroclaw.pl\/index.php\/2020\/08\/16\/wytyczne-gis-dla-placowek\/","title":{"rendered":"Wytyczne GIS dla plac\u00f3wek."},"content":{"rendered":"<p>Szanowni Pa\u0144stwo zanim rozpoczniemy prosz\u0119 o zapoznanie si\u0119 z wszystkimi informacjami zamieszczonym na naszej stronie.\u00a0 Wytyczne obowi\u0105zuj\u0105ce w plac\u00f3wkach o\u015bwiatowych zosta\u0142y wydane 2 lipca i nadal s\u0105 aktualne.\u00a0 Na bie\u017c\u0105co b\u0119dziemy informowa\u0107 o zmianach.<\/p>\n<p><a href=\"https:\/\/przedszkole18.edu.wroclaw.pl\/wp-content\/uploads\/sites\/36\/2020\/08\/Wytyczne_zlobki_przedszkola_III_aktualizacja.pdf\">Wytyczne_\u017c\u0142obki_przedszkola_III_aktualizacja<\/a><\/p>\n","protected":false},"excerpt":{"rendered":"<p>Szanowni Pa\u0144stwo zanim rozpoczniemy prosz\u0119 o zapoznanie si\u0119 z wszystkimi informacjami zamieszczonym na naszej stronie.\u00a0 Wytyczne obowi\u0105zuj\u0105ce w plac\u00f3wkach o\u015bwiatowych zosta\u0142y wydane 2 lipca i nadal s\u0105 aktualne.\u00a0 Na bie\u017c\u0105co [&hellip;]<\/p>\n","protected":false},"author":115,"featured_media":2004,"comment_status":"closed","ping_status":"closed","sticky":false,"template":"","format":"standard","meta":{"ngg_post_thumbnail":0,"footnotes":""},"categories":[3],"tags":[],"class_list":["post-2226","post","type-post","status-publish","format-standard","has-post-thumbnail","hentry","category-aktualnosci","clearfix"],"_links":{"self":[{"href":"https:\/\/przedszkole18.edu.wroclaw.pl\/index.php\/wp-json\/wp\/v2\/posts\/2226","targetHints":{"allow":["GET"]}}],"collection":[{"href":"https:\/\/przedszkole18.edu.wroclaw.pl\/index.php\/wp-json\/wp\/v2\/posts"}],"about":[{"href":"https:\/\/przedszkole18.edu.wroclaw.pl\/index.php\/wp-json\/wp\/v2\/types\/post"}],"author":[{"embeddable":true,"href":"https:\/\/przedszkole18.edu.wroclaw.pl\/index.php\/wp-json\/wp\/v2\/users\/115"}],"replies":[{"embeddable":true,"href":"https:\/\/przedszkole18.edu.wroclaw.pl\/index.php\/wp-json\/wp\/v2\/comments?post=2226"}],"version-history":[{"count":1,"href":"https:\/\/przedszkole18.edu.wroclaw.pl\/index.php\/wp-json\/wp\/v2\/posts\/2226\/revisions"}],"predecessor-version":[{"id":2227,"href":"https:\/\/przedszkole18.edu.wroclaw.pl\/index.php\/wp-json\/wp\/v2\/posts\/2226\/revisions\/2227"}],"wp:featuredmedia":[{"embeddable":true,"href":"https:\/\/przedszkole18.edu.wroclaw.pl\/index.php\/wp-json\/wp\/v2\/media\/2004"}],"wp:attachment":[{"href":"https:\/\/przedszkole18.edu.wroclaw.pl\/index.php\/wp-json\/wp\/v2\/media?parent=2226"}],"wp:term":[{"taxonomy":"category","embeddable":true,"href":"https:\/\/przedszkole18.edu.wroclaw.pl\/index.php\/wp-json\/wp\/v2\/categories?post=2226"},{"taxonomy":"post_tag","embeddable":true,"href":"https:\/\/przedszkole18.edu.wroclaw.pl\/index.php\/wp-json\/wp\/v2\/tags?post=2226"}],"curies":[{"name":"wp","href":"https:\/\/api.w.org\/{rel}","templated":true}]}}