
{"id":2243,"date":"2020-08-19T16:03:48","date_gmt":"2020-08-19T14:03:48","guid":{"rendered":"https:\/\/przedszkole18.edu.wroclaw.pl\/?p=2243"},"modified":"2020-08-19T16:05:51","modified_gmt":"2020-08-19T14:05:51","slug":"sierpien-w-przedszkolu","status":"publish","type":"post","link":"https:\/\/przedszkole18.edu.wroclaw.pl\/index.php\/2020\/08\/19\/sierpien-w-przedszkolu\/","title":{"rendered":"Sierpie\u0144 w przedszkolu"},"content":{"rendered":"<p><strong><span style=\"color: #008000\">Drodzy Pa\u0144stwo !<\/span> <\/strong><\/p>\n<p><em><strong><span style=\"color: #3366ff\">Sierpie\u0144, to jeszcze dla wielu, czas wakacji i odpoczynku,\u00a0 obecnie\u00a0 to jest od 17 do 31 sierpnia pracujemy w trybie wakacyjnym, czyli w ograniczonej ilo\u015bci miejsc i grup.<\/span><\/strong><\/em><\/p>\n<p><em><strong> <span style=\"color: #00ccff\">W plac\u00f3wce przebywa 25 dzieci \/grupy mieszane\/ , kt\u00f3re korzystaj\u0105 z opieki naszych nauczycieli, \u00a0 \u00a0 \u00a0 \u00a0 \u00a0\u00a0 w normalnym trybie funkcjonuje w plac\u00f3wce\u00a0 \u017cywienie, a zaj\u0119cia odbywaj\u0105 si\u0119 g\u0142\u00f3wnie w ogrodzie przedszkolnym, dzieci m\u0142odsze\u00a0 nie maj\u0105 popo\u0142udniowej drzemki.<\/span> <\/strong><\/em><\/p>\n<p><span style=\"color: #ff0000\"><em><strong>WSZYSCY,\u00a0 KORZYSTAJ\u0104CY Z PRZEDSZKOLA, ZOBOWI\u0104ZANI S\u0104 DO STOSOWANIA PROCEDUR BEZPIECZE\u0143STWA FUNKCJONUJ\u0104CYCH W PLAC\u00d3WCE;\u00a0<\/strong> <\/em><\/span><\/p>\n<ul>\n<li><span style=\"color: #008000\">zas\u0142anianie ust i nosa w przestrzeni publicznej<\/span><\/li>\n<li><span style=\"color: #008000\">cz\u0119ste mycie i dezynfekowanie r\u0105k <\/span><\/li>\n<li><span style=\"color: #008000\">zachowanie dystansu spo\u0142ecznego<\/span><\/li>\n<li><span style=\"color: #008000\">nie korzystamy z publicznych plac\u00f3w zabaw <\/span><\/li>\n<li><span style=\"color: #008000\">unikamy du\u017cych skupisk ludzkich<\/span><\/li>\n<\/ul>\n<p><em><strong><span style=\"color: #ff0000\"><span style=\"font-size: 14pt\">Bardzo Wa\u017cne! Zgodnie z wytycznymi GIS,<\/span>\u00a0<\/span><\/strong><\/em> <span style=\"font-size: 14pt\"><strong><span style=\"color: #800080\">do plac\u00f3wki mog\u0105 ucz\u0119szcza\u0107 tylko zdrowe dzieci !!! Nawet niewielka infekcja g\u00f3rnych dr\u00f3g oddechowych,\u00a0 dyskwalifikuje dziecko\u00a0 do przyj\u0119cia w plac\u00f3wce !!!<\/span><\/strong><\/span><\/p>\n<p><em>Pozdrawiam i \u017cycz\u0119 du\u017co zdrowia. Lidia Walczak-I\u017cycka<\/em><\/p>\n<p>&nbsp;<\/p>\n","protected":false},"excerpt":{"rendered":"<p>Drodzy Pa\u0144stwo ! Sierpie\u0144, to jeszcze dla wielu, czas wakacji i odpoczynku,\u00a0 obecnie\u00a0 to jest od 17 do 31 sierpnia pracujemy w trybie wakacyjnym, czyli w ograniczonej ilo\u015bci miejsc i [&hellip;]<\/p>\n","protected":false},"author":115,"featured_media":2003,"comment_status":"closed","ping_status":"closed","sticky":false,"template":"","format":"standard","meta":{"ngg_post_thumbnail":0,"footnotes":""},"categories":[3],"tags":[],"class_list":["post-2243","post","type-post","status-publish","format-standard","has-post-thumbnail","hentry","category-aktualnosci","clearfix"],"_links":{"self":[{"href":"https:\/\/przedszkole18.edu.wroclaw.pl\/index.php\/wp-json\/wp\/v2\/posts\/2243","targetHints":{"allow":["GET"]}}],"collection":[{"href":"https:\/\/przedszkole18.edu.wroclaw.pl\/index.php\/wp-json\/wp\/v2\/posts"}],"about":[{"href":"https:\/\/przedszkole18.edu.wroclaw.pl\/index.php\/wp-json\/wp\/v2\/types\/post"}],"author":[{"embeddable":true,"href":"https:\/\/przedszkole18.edu.wroclaw.pl\/index.php\/wp-json\/wp\/v2\/users\/115"}],"replies":[{"embeddable":true,"href":"https:\/\/przedszkole18.edu.wroclaw.pl\/index.php\/wp-json\/wp\/v2\/comments?post=2243"}],"version-history":[{"count":1,"href":"https:\/\/przedszkole18.edu.wroclaw.pl\/index.php\/wp-json\/wp\/v2\/posts\/2243\/revisions"}],"predecessor-version":[{"id":2244,"href":"https:\/\/przedszkole18.edu.wroclaw.pl\/index.php\/wp-json\/wp\/v2\/posts\/2243\/revisions\/2244"}],"wp:featuredmedia":[{"embeddable":true,"href":"https:\/\/przedszkole18.edu.wroclaw.pl\/index.php\/wp-json\/wp\/v2\/media\/2003"}],"wp:attachment":[{"href":"https:\/\/przedszkole18.edu.wroclaw.pl\/index.php\/wp-json\/wp\/v2\/media?parent=2243"}],"wp:term":[{"taxonomy":"category","embeddable":true,"href":"https:\/\/przedszkole18.edu.wroclaw.pl\/index.php\/wp-json\/wp\/v2\/categories?post=2243"},{"taxonomy":"post_tag","embeddable":true,"href":"https:\/\/przedszkole18.edu.wroclaw.pl\/index.php\/wp-json\/wp\/v2\/tags?post=2243"}],"curies":[{"name":"wp","href":"https:\/\/api.w.org\/{rel}","templated":true}]}}